{"id":28733,"date":"2024-05-30T16:26:59","date_gmt":"2024-05-30T16:26:59","guid":{"rendered":"http:\/\/www.lanuevaopcion.cl\/?p=28733"},"modified":"2024-05-30T16:27:16","modified_gmt":"2024-05-30T16:27:16","slug":"dr-file-revela-por-que-se-alejo-de-chile-y-dispara-sin-filtro-contra-amaro-gomez-pablos-y-la-dra-cordero","status":"publish","type":"post","link":"http:\/\/www.lanuevaopcion.cl\/?p=28733","title":{"rendered":"Dr. File revela por qu\u00e9 se alej\u00f3 de Chile y dispara sin filtro contra Amaro G\u00f3mez-Pablos y la Dra. Cordero"},"content":{"rendered":"<p><img loading=\"lazy\" decoding=\"async\"  alt=\"\" src=\"https:\/\/www.lacuarta.com\/resizer\/Z2km3AJXcd3avXfJbnbsZXRS_sk=\/0x27:1600x827\/360x180\/cloudfront-us-east-1.images.arcpublishing.com\/copesa\/RO2KCVGAP5FYBKSH5HPGMPITZM.jpg\" class=\"alignleft\" width=\"360\" height=\"180\" \/ class=\"alignleft\" style=\"margin-right:15px;margin-bottom:10px;float:left;\" ><br \/>\n\u201c\u00bfPor qu\u00e9 te alejaste de la televisi\u00f3n? \u00bfPor qu\u00e9 te alejaste de Chile?\u201d.<\/p>\n<p>Con estas preguntas, el periodista Eduardo de la Iglesia dio inicio a una \u00edntima charla con Cristi\u00e1n Contreras, m\u00e1s conocido como el Doctor File.<\/p>\n<p>\u201cMira, por ah\u00ed por el a\u00f1o 2019 se me ocurri\u00f3 armar un partido pol\u00edtico de centro y, producto de esa experiencia, recib\u00ed amenazas de muerte. Debido a eso, y debido a que en 2020 y 2021 se vivi\u00f3 una situaci\u00f3n muy densa con confinamientos y me dieron la espalda muchos amigos, colegas. Recib\u00ed cr\u00edticas injustificadas que me hicieron decidir tomar un poco de distancia, respirar un poco\u201d, respondi\u00f3 el doctor en filosof\u00eda en Todo va a estar bien.<br \/>\n<!--more--><br \/>\npowered by<br \/>\nEso s\u00ed, aclar\u00f3 que \u201cno se formaliz\u00f3 en ninguna investigaci\u00f3n, pero s\u00ed yo s\u00e9 que hubo personas de una extrema izquierda pol\u00edtica que me atacaron directamente, pero tambi\u00e9n de una derecha pol\u00edtica\u201d.<\/p>\n<p>Consultado sobre las causas de estos supuestos ataques, el tambi\u00e9n periodista reconoci\u00f3 que \u201ca veces uno dice cosas que molestan y surgen estos elementos radicales. Muchos de ellos son cobardes y te meten cuchillos por la espalda\u201d.<\/p>\n<p>APUNT\u00d3 A COLEGAS<br \/>\nLuego, Contreras record\u00f3 que \u201chubo muchos colegas, personas que irrumpieron en defensa del confinamiento y con el cual yo no estuve de acuerdo. Yo fui muy cr\u00edtico de la pol\u00edtica sanitaria que se impuso en el mundo. Aqu\u00ed se oblig\u00f3 a las personas a inyectarse, se confin\u00f3 y yo no estaba de acuerdo\u201d.<\/p>\n<p>\u201cYo vel\u00e9 por la libertad de elecci\u00f3n. Se me ocurri\u00f3 romper una mascarilla y decir \u2018libertad\u2019, y por eso me cayeron las penas del infierno. Ah\u00ed aparecieron personas innombrables, ex amigos, personas que trabajan para la ONU como Amaro G\u00f3mez-Pablos, es un globalista\u201d, dispar\u00f3.<\/p>\n<p>\u201cOtra, la doctora Cordero. Yo la estimo, pero veo que es una persona muy amargada, quiz\u00e1s le falta amor en su vida, le falta una pareja que la ame, para no tener que siempre estar buscando donde t\u00fa est\u00e1s mal, donde te equivocas\u201d, sentenci\u00f3.<br \/>\nhttps:\/\/www.lacuarta.com\/espectaculos\/noticia\/dr-file-revela-por-que-se-alejo-de-chile-y-dispara-sin-filtro-contra-amaro-gomez-pablos-y-la-dra-cordero\/GAKAFEI7JZHWBIYH3IH2OSAQ2E\/<br \/>\nFUENTE. LA CUARTA.COM<br \/>\nMEDIO DE DIFUSION, SIN FIN DE LUCRO ALGUNO<\/p>\n","protected":false},"excerpt":{"rendered":"<p>\u201c\u00bfPor qu\u00e9 te alejaste de la televisi\u00f3n? \u00bfPor qu\u00e9 te alejaste de Chile?\u201d. Con estas preguntas, el periodista Eduardo de la Iglesia dio inicio a una \u00edntima charla con Cristi\u00e1n Contreras, m\u00e1s conocido como el Doctor File. \u201cMira, por ah\u00ed por el a\u00f1o 2019 se me ocurri\u00f3 armar un partido pol\u00edtico de centro y, producto [&hellip;]<\/p>\n","protected":false},"author":51,"featured_media":0,"comment_status":"open","ping_status":"open","sticky":false,"template":"","format":"standard","meta":{"footnotes":""},"categories":[8,9,5,16,31,11],"tags":[45,116],"class_list":["post-28733","post","type-post","status-publish","format-standard","hentry","category-cultura","category-educacion","category-internacional","category-nacional","category-salud","category-tendencias","tag-television","tag-tv"],"_links":{"self":[{"href":"http:\/\/www.lanuevaopcion.cl\/index.php?rest_route=\/wp\/v2\/posts\/28733","targetHints":{"allow":["GET"]}}],"collection":[{"href":"http:\/\/www.lanuevaopcion.cl\/index.php?rest_route=\/wp\/v2\/posts"}],"about":[{"href":"http:\/\/www.lanuevaopcion.cl\/index.php?rest_route=\/wp\/v2\/types\/post"}],"author":[{"embeddable":true,"href":"http:\/\/www.lanuevaopcion.cl\/index.php?rest_route=\/wp\/v2\/users\/51"}],"replies":[{"embeddable":true,"href":"http:\/\/www.lanuevaopcion.cl\/index.php?rest_route=%2Fwp%2Fv2%2Fcomments&post=28733"}],"version-history":[{"count":2,"href":"http:\/\/www.lanuevaopcion.cl\/index.php?rest_route=\/wp\/v2\/posts\/28733\/revisions"}],"predecessor-version":[{"id":28735,"href":"http:\/\/www.lanuevaopcion.cl\/index.php?rest_route=\/wp\/v2\/posts\/28733\/revisions\/28735"}],"wp:attachment":[{"href":"http:\/\/www.lanuevaopcion.cl\/index.php?rest_route=%2Fwp%2Fv2%2Fmedia&parent=28733"}],"wp:term":[{"taxonomy":"category","embeddable":true,"href":"http:\/\/www.lanuevaopcion.cl\/index.php?rest_route=%2Fwp%2Fv2%2Fcategories&post=28733"},{"taxonomy":"post_tag","embeddable":true,"href":"http:\/\/www.lanuevaopcion.cl\/index.php?rest_route=%2Fwp%2Fv2%2Ftags&post=28733"}],"curies":[{"name":"wp","href":"https:\/\/api.w.org\/{rel}","templated":true}]}}