{"id":28731,"date":"2024-05-30T02:24:30","date_gmt":"2024-05-30T02:24:30","guid":{"rendered":"http:\/\/www.lanuevaopcion.cl\/?p=28731"},"modified":"2024-05-30T02:24:30","modified_gmt":"2024-05-30T02:24:30","slug":"%e2%80%9c%c2%a1te-va-a-llegar-un-puro-coliguazo-en-el-hoci%e2%80%9d-graban-feroz-encontron-entre-la-prensa-y-adherentes-de-daniel-jadue","status":"publish","type":"post","link":"http:\/\/www.lanuevaopcion.cl\/?p=28731","title":{"rendered":"\u201c\u00a1Te va a llegar un puro coliguazo en el hoci&#8230;!\u201d: Graban feroz encontr\u00f3n entre la prensa y adherentes de Daniel Jadue"},"content":{"rendered":"<p><img loading=\"lazy\" decoding=\"async\"  alt=\"\" src=\"https:\/\/www.lacuarta.com\/resizer\/dkI9mKbVunpJC3XNB2iuPM3Ihh8=\/640x360\/smart\/cloudfront-us-east-1.images.arcpublishing.com\/copesa\/XVD6O2RZLBFPRB6RAM26BGFFSY.jpg\" class=\"alignleft\" width=\"640\" height=\"360\" \/ class=\"alignleft\" style=\"margin-right:15px;margin-bottom:10px;float:left;\" ><br \/>\nGolpes, empujones, gritos y hasta amenazas se oyeron en la ca\u00f3tica salida de Daniel Jadue desde el Centro de Justicia, una vez concluida la primera jornada de formalizaci\u00f3n de cargos en su contra.<\/p>\n<p>Tal como ocurri\u00f3 a la llegada, temprano en la ma\u00f1ana, un grueso grupo de militantes del Partido Comunista acompa\u00f1\u00f3 al alcalde de Recoleta en el exterior de tribunales, gener\u00e1ndose m\u00e1s de un enfrentamiento con los profesionales de la prensa que lleg\u00f3 al lugar.<br \/>\n<!--more--><br \/>\nPeriodistas acusaron que a la salida hubo agresiones y se intent\u00f3 entorpecer su labor. En un video compartido por la reportera de Radio ADN, Daniela Forero-Ortiz, se observa un tenso momento en medio del desorden.<\/p>\n<p>La salida de Daniel Jadue tras el primer d\u00eda de formalizaci\u00f3n.<br \/>\nLa salida de Daniel Jadue tras el primer d\u00eda de formalizaci\u00f3n.<br \/>\nDENUNCIAN AGRESIONES A LA PRENSA<br \/>\nEn las im\u00e1genes se ve a un grandote con los brazos abiertos frenando el paso a periodistas y camar\u00f3grafos. \u201cD\u00e9janos salir\u201d; \u201cDeja pasar\u201d; \u201c\u00a1Oye hue\u00f3n! \u00a1No seas mat\u00f3n, hue\u00f3n!\u201d, es oye en la grabaci\u00f3n.<\/p>\n<p>Un camar\u00f3grafo opt\u00f3 por abrirse paso y empuj\u00f3 al sujeto, que casi va a dar al suelo. En ese segundo se oyen los gritos de una mujer que portaba un colig\u00fce (palo utilizado para flamear banderas). \u201cCalmao con los empujones&#8230; \u00a1Te va a llegar un puro coliguazo en el hocico, oye hue\u00f3n!\u201d, lanz\u00f3.<\/p>\n<p>En su declaraci\u00f3n a los medios, el alcalde Jadue calific\u00f3 la imputaci\u00f3n de la Fiscal\u00eda como \u201cuna puesta en escena\u201d y asegur\u00f3 que su prsentaci\u00f3n fue \u201cd\u00e9bil\u201d.<\/p>\n<p>El exprecandidato presidencial es formalizado por los delitos de cohecho, estafa, fraude al fisco y administraci\u00f3n desleal y arriesga prisi\u00f3n preventiva. La audiencia de formalizaci\u00f3n continuar\u00e1 este jueves.<br \/>\nFUENTE. LA CUARTA.COM<br \/>\nMEDIO DE DIFUSION , SIN FIN DE LUCRO ALGUNO <\/p>\n","protected":false},"excerpt":{"rendered":"<p>Golpes, empujones, gritos y hasta amenazas se oyeron en la ca\u00f3tica salida de Daniel Jadue desde el Centro de Justicia, una vez concluida la primera jornada de formalizaci\u00f3n de cargos en su contra. Tal como ocurri\u00f3 a la llegada, temprano en la ma\u00f1ana, un grueso grupo de militantes del Partido Comunista acompa\u00f1\u00f3 al alcalde de [&hellip;]<\/p>\n","protected":false},"author":51,"featured_media":0,"comment_status":"open","ping_status":"open","sticky":false,"template":"","format":"standard","meta":{"footnotes":""},"categories":[9,5,16],"tags":[138,116,1308],"class_list":["post-28731","post","type-post","status-publish","format-standard","hentry","category-educacion","category-internacional","category-nacional","tag-espectaculo","tag-tv","tag-video"],"_links":{"self":[{"href":"http:\/\/www.lanuevaopcion.cl\/index.php?rest_route=\/wp\/v2\/posts\/28731","targetHints":{"allow":["GET"]}}],"collection":[{"href":"http:\/\/www.lanuevaopcion.cl\/index.php?rest_route=\/wp\/v2\/posts"}],"about":[{"href":"http:\/\/www.lanuevaopcion.cl\/index.php?rest_route=\/wp\/v2\/types\/post"}],"author":[{"embeddable":true,"href":"http:\/\/www.lanuevaopcion.cl\/index.php?rest_route=\/wp\/v2\/users\/51"}],"replies":[{"embeddable":true,"href":"http:\/\/www.lanuevaopcion.cl\/index.php?rest_route=%2Fwp%2Fv2%2Fcomments&post=28731"}],"version-history":[{"count":1,"href":"http:\/\/www.lanuevaopcion.cl\/index.php?rest_route=\/wp\/v2\/posts\/28731\/revisions"}],"predecessor-version":[{"id":28732,"href":"http:\/\/www.lanuevaopcion.cl\/index.php?rest_route=\/wp\/v2\/posts\/28731\/revisions\/28732"}],"wp:attachment":[{"href":"http:\/\/www.lanuevaopcion.cl\/index.php?rest_route=%2Fwp%2Fv2%2Fmedia&parent=28731"}],"wp:term":[{"taxonomy":"category","embeddable":true,"href":"http:\/\/www.lanuevaopcion.cl\/index.php?rest_route=%2Fwp%2Fv2%2Fcategories&post=28731"},{"taxonomy":"post_tag","embeddable":true,"href":"http:\/\/www.lanuevaopcion.cl\/index.php?rest_route=%2Fwp%2Fv2%2Ftags&post=28731"}],"curies":[{"name":"wp","href":"https:\/\/api.w.org\/{rel}","templated":true}]}}