{"id":2873,"date":"2009-06-30T14:28:47","date_gmt":"2009-06-30T17:28:47","guid":{"rendered":"http:\/\/www.lanuevaopcion.cl\/?p=2873"},"modified":"2009-06-30T14:28:47","modified_gmt":"2009-06-30T17:28:47","slug":"hospitalizan-a-nina-rescatada-tras-caer-un-avion-sobre-el-oceano-indico-con-153-personas","status":"publish","type":"post","link":"http:\/\/www.lanuevaopcion.cl\/?p=2873","title":{"rendered":"Hospitalizan a ni\u00f1a rescatada tras caer un avi\u00f3n sobre el oc\u00e9ano \u00cdndico con 153 personas"},"content":{"rendered":"<p><img loading=\"lazy\" decoding=\"async\"  alt=\"\" src=\"http:\/\/www.terra.cl\/images\/julio2009\/F717471_330sobre.jpg\" class=\"alignleft\" width=\"330\" height=\"260\" \/ class=\"alignleft\" style=\"margin-right:15px;margin-bottom:10px;float:left;\" >SAN\u00c1, 30 junio.- Una ni\u00f1a fue rescatada hoy con vida de los restos del avi\u00f3n de la compa\u00f1\u00eda Air Yemenia que cay\u00f3 esta madrugada al oc\u00e9ano \u00cdndico con 153 personas a bordo, cuando un\u00eda la capital de Yemen, San\u00e1, con la de las Islas Comoras, Moroni.<\/p>\n<p>Seg\u00fan confirm\u00f3 en una rueda de prensa el vicepresidente de la Aviaci\u00f3n Civil de Yemen, Mohamed Abdelrahman Abdelqader, la ni\u00f1a, cuya nacionalidad y edad se desconocen, fue trasladada a un hospital de Moroni.<\/p>\n<p>El avi\u00f3n, un Airbus 310-300, de la compa\u00f1\u00eda Air Yemenia con c\u00f3digo de vuelo IY-626, parti\u00f3 de San\u00e1 a las 18.45 hora local (15.45 GMT), adonde hab\u00eda llegado procedente de Par\u00eds.<\/p>\n<p><!--more--><\/p>\n<p>A las 01.51, hora local (22.51 GMT), el avi\u00f3n perdi\u00f3 el contacto con la torre de control y se precipit\u00f3 al mar, cuando se encontraba a s\u00f3lo 30 minutos de su destino.<\/p>\n<p>Se desconoce, de momento, qu\u00e9 provoc\u00f3 el accidente, aunque el funcionario de aviaci\u00f3n yemen\u00ed explic\u00f3 que \u00ablas condiciones meteorol\u00f3gicas eran p\u00e9simas\u00bb.<\/p>\n<p>De hecho, Abdelqader dijo que un equipo de expertos yemen\u00edes desplazado a Islas Comoras \u00abha sufrido grandes dificultades para aterrizar\u00bb a causa del mal tiempo.<\/p>\n<p>De las 153 personas que viajaban a bordo de la aeronave, once eran miembros de la tripulaci\u00f3n: seis yemen\u00edes -el piloto, el copiloto, un t\u00e9cnico y tres azafatas-, dos marroqu\u00edes, un filipino, un et\u00edope y un indonesio.<\/p>\n<p>Adem\u00e1s, hab\u00eda 54 ciudadanos de nacionalidad comorense, 26 franceses, un palestino y un canadiense, confirm\u00f3 Abdelqader.<\/p>\n<p>Sin embargo, el ministro franc\u00e9s de Asuntos Exteriores, Bernard Kouchner, asegur\u00f3 que eran 66 los ciudadanos franceses que viajaban a bordo del avi\u00f3n.<\/p>\n<p>Abdelqader dijo que ya se han recuperado tres cad\u00e1veres y que se ha formado un equipo de investigaci\u00f3n con personal franc\u00e9s, yemen\u00ed y comorense.<\/p>\n<p>Por otro lado, el secretario de Estado de Transportes de Francia, Dominique Bussereau, indic\u00f3 que la Direcci\u00f3n General de Aviaci\u00f3n Civil francesa (DGAC) hab\u00eda constatado \u00abcierto n\u00famero de defectos\u00bb en el avi\u00f3n siniestrado.<\/p>\n<p>Sin embargo, el ministro de Transportes yemen\u00ed, Khaled al Wazir, precis\u00f3 a Al Yazira que \u00aben 2007 s\u00f3lo se detectaron desperfectos interiores en el avi\u00f3n, como en los asientos, por lo que el aparato no ten\u00eda ning\u00fan problema\u00bb.<\/p>\n<p>Tambi\u00e9n se\u00f1al\u00f3 que en mayo pasado el aparato fue sometido a un examen exhaustivo en el que no se detect\u00f3 ninguna irregularidad.<\/p>\n<p>Al Wazir a\u00f1adi\u00f3 que el aeropuerto de San\u00e1 aplica \u00abestrictas medidas a todos los aviones que aterrizan all\u00ed\u00bb.<\/p>\n<p>Por su parte, Abdelqader coincidi\u00f3 en que el avi\u00f3n fue sometido a una revisi\u00f3n total el 2 de mayo pasado en la capital yemen\u00ed y que en 2007 inspectores europeos detectaron defectos en los equipos de mantenimiento, que no afectan a la navegabilidad de la aeronave por lo que se le permiti\u00f3 volar.<\/p>\n<p>Neg\u00f3 que el piloto se hubiera salvado de la tragedia, tal y como han publicado algunos medios de comunicaci\u00f3n.<\/p>\n<p>La compa\u00f1\u00eda yemen\u00ed explotaba el avi\u00f3n desde octubre de 1999, seg\u00fan un comunicado difundido por Airbus, en el que el constructor aeron\u00e1utico europeo precisa que el avi\u00f3n sali\u00f3 de la cadena de producci\u00f3n en 1990.<\/p>\n<p>Seg\u00fan el fabricante, el aparato contaba con 51.900 horas de vuelo en 17.300 trayectos.<\/p>\n<p>El accidente de hoy ocurre casi un mes despu\u00e9s de que otro Airbus, un A-330 de Air France con 228 ocupantes, cayera al Atl\u00e1ntico cuando volaba de R\u00edo de Janeiro a Par\u00eds, el pasado d\u00eda 1.<\/p>\n<p>Desde 1990 se han registrado al menos veinte accidentes graves con aviones Airbus en el mundo y en cinco de ellos la cifra de muertos super\u00f3 los 200.<\/p>\n<p>El m\u00e1s grave ocurri\u00f3 el 26 abril de 1994 cuando 264 personas fallecieron al estrellarse un A300-600R de la compa\u00f1\u00eda taiwanesa China Airlines en el aeropuerto de Nagoya (Jap\u00f3n). <\/p>\n<p>Fuente: TERRA.CL\/EFE<br \/>\nFOTO. EFE\/TERRA.CL<\/p>\n","protected":false},"excerpt":{"rendered":"<p>SAN\u00c1, 30 junio.- Una ni\u00f1a fue rescatada hoy con vida de los restos del avi\u00f3n de la compa\u00f1\u00eda Air Yemenia que cay\u00f3 esta madrugada al oc\u00e9ano \u00cdndico con 153 personas a bordo, cuando un\u00eda la capital de Yemen, San\u00e1, con la de las Islas Comoras, Moroni. Seg\u00fan confirm\u00f3 en una rueda de prensa el vicepresidente [&hellip;]<\/p>\n","protected":false},"author":1,"featured_media":0,"comment_status":"open","ping_status":"open","sticky":false,"template":"","format":"standard","meta":{"footnotes":""},"categories":[5],"tags":[33],"class_list":["post-2873","post","type-post","status-publish","format-standard","hentry","category-internacional","tag-accidentes"],"_links":{"self":[{"href":"http:\/\/www.lanuevaopcion.cl\/index.php?rest_route=\/wp\/v2\/posts\/2873","targetHints":{"allow":["GET"]}}],"collection":[{"href":"http:\/\/www.lanuevaopcion.cl\/index.php?rest_route=\/wp\/v2\/posts"}],"about":[{"href":"http:\/\/www.lanuevaopcion.cl\/index.php?rest_route=\/wp\/v2\/types\/post"}],"author":[{"embeddable":true,"href":"http:\/\/www.lanuevaopcion.cl\/index.php?rest_route=\/wp\/v2\/users\/1"}],"replies":[{"embeddable":true,"href":"http:\/\/www.lanuevaopcion.cl\/index.php?rest_route=%2Fwp%2Fv2%2Fcomments&post=2873"}],"version-history":[{"count":1,"href":"http:\/\/www.lanuevaopcion.cl\/index.php?rest_route=\/wp\/v2\/posts\/2873\/revisions"}],"predecessor-version":[{"id":2874,"href":"http:\/\/www.lanuevaopcion.cl\/index.php?rest_route=\/wp\/v2\/posts\/2873\/revisions\/2874"}],"wp:attachment":[{"href":"http:\/\/www.lanuevaopcion.cl\/index.php?rest_route=%2Fwp%2Fv2%2Fmedia&parent=2873"}],"wp:term":[{"taxonomy":"category","embeddable":true,"href":"http:\/\/www.lanuevaopcion.cl\/index.php?rest_route=%2Fwp%2Fv2%2Fcategories&post=2873"},{"taxonomy":"post_tag","embeddable":true,"href":"http:\/\/www.lanuevaopcion.cl\/index.php?rest_route=%2Fwp%2Fv2%2Ftags&post=2873"}],"curies":[{"name":"wp","href":"https:\/\/api.w.org\/{rel}","templated":true}]}}