{"id":28729,"date":"2024-05-29T13:22:52","date_gmt":"2024-05-29T13:22:52","guid":{"rendered":"http:\/\/www.lanuevaopcion.cl\/?p=28729"},"modified":"2024-05-29T13:22:52","modified_gmt":"2024-05-29T13:22:52","slug":"%e2%80%9clo-mato-inmediatamente%e2%80%9d-pancho-saavedra-y-zabaleta-revelan-detalles-de-ataque-y-asesinato-de-toni-espadas","status":"publish","type":"post","link":"http:\/\/www.lanuevaopcion.cl\/?p=28729","title":{"rendered":"\u201cLo mat\u00f3 inmediatamente\u201d: Pancho Saavedra y Zabaleta revelan detalles de ataque y asesinato de Toni Espadas"},"content":{"rendered":"<p><img loading=\"lazy\" decoding=\"async\"  alt=\"\" src=\"https:\/\/www.lacuarta.com\/resizer\/MxVsBbJQeKZ4clnMjI1ksy1AxKo=\/640x360\/smart\/cloudfront-us-east-1.images.arcpublishing.com\/copesa\/HRM7UV2ZDNFUZGJADTCNOJHW2U.png\" class=\"alignleft\" width=\"640\" height=\"360\" \/ class=\"alignleft\" style=\"margin-right:15px;margin-bottom:10px;float:left;\" ><br \/>\nLos conductores de \u201cSocios por el Mundo\u201d, Jorge Zabaleta y Pancho Saavedra, dieron una entrevista a T13, donde contaron detalles del ataque criminal que fueron v\u00edctimas en Etiop\u00eda, que termin\u00f3 con la muerte del gu\u00eda, el espa\u00f1ol Toni Espadas.<\/p>\n<p>Saavedra y Zabaleta contaron que hab\u00eda terminado de grabar y entrevistar a la tribu de Los Mursis, tras eso se retiraron del lugar y se dirig\u00edan a un restaurante en una camioneta, la cual era conduc\u00eda por el espa\u00f1ol<br \/>\n<!--more--><br \/>\nEn el transcurso del camino, se percataron que hab\u00edan personas corriendo, lo que les llam\u00f3 la atenci\u00f3n, momento en que fueron interceptados por una banda criminal, quienes los amenazaron con fusiles tipo AK-47.<\/p>\n<p>powered by<br \/>\n\u201cLos tipos se nos cruzan al frente y nos apuntan con la, con el AK-47. Tony frena, para, y sigue muy despacito, en primera marcha, muy despacio. Y el tipo se va hacia al lado, se abre, y cuando est\u00e1n al lado nuestro -de hecho yo lo miro- Toni va con el vidrio abajo, cuando pasamos ah\u00ed, el tipo dispara a matar\u201d, relat\u00f3 Zabaleta.<\/p>\n<p>\u201cLo mat\u00f3 inmediatamente. Fue fulminante. No hubo posibilidad de que uno dijera, \u00e9l est\u00e1 vivo, lo podemos llevar a alg\u00fan lugar\u201d, agreg\u00f3 Saavedra.<\/p>\n<p>\u201cNo fue ni un ataque, ni un tiroteo, ni una emboscada\u201d: esposa de Toni Espadas relat\u00f3 el asesinato del gu\u00eda de Socios por el Mundo https:\/\/t.co\/kOngUFhwrj pic.twitter.com\/O81vcMlRVS<\/p>\n<p>\u2014 La Cuarta (@lacuarta)<br \/>\nMay 24, 2024<br \/>\nTras eso, ambos quedan paralizados, cuando otro Jeep lo choca por detr\u00e1s y eso los mueve hace una bajada con el pie de Toni Espadas atrapado en el acelerador, por lo que Zabaleta debi\u00f3 tomar el volante, saltar un \u00e1rbol y maniobrar para volver al camino.<\/p>\n<p>\u201cLogro maniobrar, no sab\u00eda por d\u00f3nde llegar al camino porque era todo con muy muchas ramas mucho todo y de repente veo un \u00e1rbol y nos tiramos por el \u00e1rbol, y el \u00e1rbol hizo como una rampa y llego al camino no s\u00e9 c\u00f3mo\u201d, afirm\u00f3 el actor.<\/p>\n<p>\u201cFue una seguidilla de cosas que pasaron, porque justo cuando saltamos -porque saltamos alto- y caemos en el camino y logro mantener el auto en el camino, y en ese salto Tony saca el pie del acelerador y el auto para\u201d, afirm\u00f3 Zabaleta.<br \/>\nhttps:\/\/www.lacuarta.com\/espectaculos\/noticia\/lo-mato-inmediatamente-pancho-saavedra-y-zabaleta-revelan-detalles-de-ataque-y-asesinato-de-toni-espadas\/3FGDBCW4EBEGRNGALFWOHDB6QA\/<br \/>\nFUENTE. LA CUARTA.COM<br \/>\nMEDIO DE DIFUSION , SIN FIN DE LUCRO ALGUNO <\/p>\n","protected":false},"excerpt":{"rendered":"<p>Los conductores de \u201cSocios por el Mundo\u201d, Jorge Zabaleta y Pancho Saavedra, dieron una entrevista a T13, donde contaron detalles del ataque criminal que fueron v\u00edctimas en Etiop\u00eda, que termin\u00f3 con la muerte del gu\u00eda, el espa\u00f1ol Toni Espadas. Saavedra y Zabaleta contaron que hab\u00eda terminado de grabar y entrevistar a la tribu de Los [&hellip;]<\/p>\n","protected":false},"author":51,"featured_media":0,"comment_status":"open","ping_status":"open","sticky":false,"template":"","format":"standard","meta":{"footnotes":""},"categories":[8,5,16,31],"tags":[138,77],"class_list":["post-28729","post","type-post","status-publish","format-standard","hentry","category-cultura","category-internacional","category-nacional","category-salud","tag-espectaculo","tag-mundo"],"_links":{"self":[{"href":"http:\/\/www.lanuevaopcion.cl\/index.php?rest_route=\/wp\/v2\/posts\/28729","targetHints":{"allow":["GET"]}}],"collection":[{"href":"http:\/\/www.lanuevaopcion.cl\/index.php?rest_route=\/wp\/v2\/posts"}],"about":[{"href":"http:\/\/www.lanuevaopcion.cl\/index.php?rest_route=\/wp\/v2\/types\/post"}],"author":[{"embeddable":true,"href":"http:\/\/www.lanuevaopcion.cl\/index.php?rest_route=\/wp\/v2\/users\/51"}],"replies":[{"embeddable":true,"href":"http:\/\/www.lanuevaopcion.cl\/index.php?rest_route=%2Fwp%2Fv2%2Fcomments&post=28729"}],"version-history":[{"count":1,"href":"http:\/\/www.lanuevaopcion.cl\/index.php?rest_route=\/wp\/v2\/posts\/28729\/revisions"}],"predecessor-version":[{"id":28730,"href":"http:\/\/www.lanuevaopcion.cl\/index.php?rest_route=\/wp\/v2\/posts\/28729\/revisions\/28730"}],"wp:attachment":[{"href":"http:\/\/www.lanuevaopcion.cl\/index.php?rest_route=%2Fwp%2Fv2%2Fmedia&parent=28729"}],"wp:term":[{"taxonomy":"category","embeddable":true,"href":"http:\/\/www.lanuevaopcion.cl\/index.php?rest_route=%2Fwp%2Fv2%2Fcategories&post=28729"},{"taxonomy":"post_tag","embeddable":true,"href":"http:\/\/www.lanuevaopcion.cl\/index.php?rest_route=%2Fwp%2Fv2%2Ftags&post=28729"}],"curies":[{"name":"wp","href":"https:\/\/api.w.org\/{rel}","templated":true}]}}