{"id":28727,"date":"2024-05-27T04:56:23","date_gmt":"2024-05-27T04:56:23","guid":{"rendered":"http:\/\/www.lanuevaopcion.cl\/?p=28727"},"modified":"2024-05-27T04:56:23","modified_gmt":"2024-05-27T04:56:23","slug":"tiene-un-especial-regalo-de-marc-anthony-asi-es-la-nueva-casa-de-americo-que-mostro-en-la-divina-comida","status":"publish","type":"post","link":"http:\/\/www.lanuevaopcion.cl\/?p=28727","title":{"rendered":"Tiene un especial regalo de Marc Anthony: as\u00ed es la nueva casa de Am\u00e9rico que mostr\u00f3 en La Divina Comida"},"content":{"rendered":"<p><img loading=\"lazy\" decoding=\"async\"  alt=\"\" src=\"https:\/\/www.lacuarta.com\/resizer\/7LUCqpVAvkfuaEB_fl6H_YHvOm4=\/640x360\/smart\/cloudfront-us-east-1.images.arcpublishing.com\/copesa\/IMCS2JEPVZBHFIXFEARPEOY4ZM.jpg\" class=\"alignleft\" width=\"640\" height=\"360\" \/ class=\"alignleft\" style=\"margin-right:15px;margin-bottom:10px;float:left;\" ><br \/>\nEl destacado cantante chileno Am\u00e9rico mostr\u00f3 su nueva casa en La Florida en el reciente cap\u00edtulo de \u201cLa Divina Comida\u201d.<\/p>\n<p>El artista fue el segundo anfitri\u00f3n de la noche y recibi\u00f3 en su nuevo hogar al resto de los invitados: la comunicadora Yazm\u00edn V\u00e1squez, el periodista Felipe Vidal y la finalista de \u201cGran Hermano\u201d, Jennifer \u201cPincoya\u201d Galvarini.<br \/>\n<!--more--><br \/>\nFue en ese contexto que la voz de \u201cTe Vas\u201d abri\u00f3 las puertas de su nuevo hogar y ense\u00f1\u00f3 algunos rincones de su casa a la que lleg\u00f3 hace un poco tiempo.<\/p>\n<p>powered by<br \/>\nAs\u00ed es la nueva casa de Am\u00e9rico que mostr\u00f3 en La Divina Comida<br \/>\nAs\u00ed es la nueva casa de Am\u00e9rico que mostr\u00f3 en La Divina Comida<br \/>\n\u201cEsta es otra casa. (Llevo) poco tiempo, meses nada m\u00e1s. Mi otra casa, donde est\u00e1 mi esposa y mis hijos, est\u00e1 literalmente a dos minutos de aqu\u00ed\u201d, parti\u00f3 contando el cantante.<\/p>\n<p>En esa misma l\u00ednea, explic\u00f3 que \u201ceste es un espacio donde quiero combinar toda mi esencia personal, pero tambi\u00e9n con lo musical. En el segundo piso (estoy) armando mi estudio\u201d.<\/p>\n<p>En el living de la casa del cantante destac\u00f3 la decoraci\u00f3n del lugar, siendo todo de blanco y negro, y tambi\u00e9n dos grandes cuadros de unos leones en la pared.<\/p>\n<p>As\u00ed es la nueva casa de Am\u00e9rico que mostr\u00f3 en La Divina Comida<br \/>\nAs\u00ed es la nueva casa de Am\u00e9rico que mostr\u00f3 en La Divina Comida<br \/>\n\u201cLos dos leones que est\u00e1n ah\u00ed soy yo. El le\u00f3n amoroso, cari\u00f1oso, es tierno. Y el le\u00f3n solitario, esta va el centro. Hoy d\u00eda no est\u00e1 el centro porque falta el tercero que lo est\u00e1n desarrollando, pero ese viene y en ese estoy con mis cachorros\u201d, cont\u00f3.<\/p>\n<p>Tras esto, el cantante revel\u00f3 que ten\u00eda una tornamesa con algunos vinilos de su colecci\u00f3n. \u201cFaltan por supuesto aqu\u00ed algunos discos, me traje lo m\u00e1s importante y otros que voy a ir adquiriendo en el tiempo\u201d, detall\u00f3.<\/p>\n<p>Fue ah\u00ed que Am\u00e9rico sac\u00f3 un vinilo de Marc Anthony, espec\u00edficamente el disco \u201c3.0\u2033 del puertorrique\u00f1o, y cont\u00f3 la especial historia detr\u00e1s de este \u00e1lbum.<\/p>\n<p>\u201cEste, aunque no lo crean, me lo regal\u00f3 Marc Anthony\u201d, confes\u00f3 el cantante. \u201cFue porque yo le regal\u00e9 primero el m\u00edo, \u00e9l se dio cuenta que no ten\u00eda vinilos. Entonces en el pr\u00f3ximo encuentro lleg\u00f3 ah\u00ed con uno\u201d, explic\u00f3.<\/p>\n<p>Finalmente, el artista mostr\u00f3 el patio de la casa, un espacio decorado con madera y que contaba con una parrilla y una mesa. \u201cAqu\u00ed es donde nos vamos a reunir en un ratito m\u00e1s\u201d, cerr\u00f3 Am\u00e9rico.<br \/>\nhttps:\/\/www.lacuarta.com\/espectaculos\/noticia\/tiene-un-especial-regalo-de-marc-anthony-asi-es-la-nueva-casa-de-americo-que-mostro-en-la-divina-comida\/JBKZCY2T4VBXLOHMJ3XBARAYGM\/#<br \/>\nFUENTE LA CUARTA.COM<br \/>\nMEDIO DE DIFUSION, SIN FIN DE LUCRO ALGUNO <\/p>\n","protected":false},"excerpt":{"rendered":"<p>El destacado cantante chileno Am\u00e9rico mostr\u00f3 su nueva casa en La Florida en el reciente cap\u00edtulo de \u201cLa Divina Comida\u201d. El artista fue el segundo anfitri\u00f3n de la noche y recibi\u00f3 en su nuevo hogar al resto de los invitados: la comunicadora Yazm\u00edn V\u00e1squez, el periodista Felipe Vidal y la finalista de \u201cGran Hermano\u201d, Jennifer [&hellip;]<\/p>\n","protected":false},"author":51,"featured_media":0,"comment_status":"open","ping_status":"open","sticky":false,"template":"","format":"standard","meta":{"footnotes":""},"categories":[4,9,5,16,11],"tags":[81,77,635],"class_list":["post-28727","post","type-post","status-publish","format-standard","hentry","category-economia","category-educacion","category-internacional","category-nacional","category-tendencias","tag-espectaculos","tag-mundo","tag-television-chilena"],"_links":{"self":[{"href":"http:\/\/www.lanuevaopcion.cl\/index.php?rest_route=\/wp\/v2\/posts\/28727","targetHints":{"allow":["GET"]}}],"collection":[{"href":"http:\/\/www.lanuevaopcion.cl\/index.php?rest_route=\/wp\/v2\/posts"}],"about":[{"href":"http:\/\/www.lanuevaopcion.cl\/index.php?rest_route=\/wp\/v2\/types\/post"}],"author":[{"embeddable":true,"href":"http:\/\/www.lanuevaopcion.cl\/index.php?rest_route=\/wp\/v2\/users\/51"}],"replies":[{"embeddable":true,"href":"http:\/\/www.lanuevaopcion.cl\/index.php?rest_route=%2Fwp%2Fv2%2Fcomments&post=28727"}],"version-history":[{"count":1,"href":"http:\/\/www.lanuevaopcion.cl\/index.php?rest_route=\/wp\/v2\/posts\/28727\/revisions"}],"predecessor-version":[{"id":28728,"href":"http:\/\/www.lanuevaopcion.cl\/index.php?rest_route=\/wp\/v2\/posts\/28727\/revisions\/28728"}],"wp:attachment":[{"href":"http:\/\/www.lanuevaopcion.cl\/index.php?rest_route=%2Fwp%2Fv2%2Fmedia&parent=28727"}],"wp:term":[{"taxonomy":"category","embeddable":true,"href":"http:\/\/www.lanuevaopcion.cl\/index.php?rest_route=%2Fwp%2Fv2%2Fcategories&post=28727"},{"taxonomy":"post_tag","embeddable":true,"href":"http:\/\/www.lanuevaopcion.cl\/index.php?rest_route=%2Fwp%2Fv2%2Ftags&post=28727"}],"curies":[{"name":"wp","href":"https:\/\/api.w.org\/{rel}","templated":true}]}}