{"id":28725,"date":"2024-05-24T13:13:14","date_gmt":"2024-05-24T13:13:14","guid":{"rendered":"http:\/\/www.lanuevaopcion.cl\/?p=28725"},"modified":"2024-05-24T13:13:14","modified_gmt":"2024-05-24T13:13:14","slug":"%e2%80%9ca-mi-no-me-consta%e2%80%9d-jc-rodriguez-se-vio-obligado-a-una-aclaracion-editorial-sobre-la-muerte-de-claudio-iturra","status":"publish","type":"post","link":"http:\/\/www.lanuevaopcion.cl\/?p=28725","title":{"rendered":"\u201cA m\u00ed no me consta\u201d: JC Rodr\u00edguez se vio obligado a una aclaraci\u00f3n editorial sobre la muerte de Claudio Iturra"},"content":{"rendered":"<p><img loading=\"lazy\" decoding=\"async\"  alt=\"\" src=\"https:\/\/www.lacuarta.com\/resizer\/Mi3enxo97AXrxn8FFHMHJEmXZJc=\/640x360\/smart\/cloudfront-us-east-1.images.arcpublishing.com\/copesa\/W7VRIEKXZZCWLH5S25TSDM6CNY.jpg\" class=\"alignleft\" width=\"640\" height=\"360\" \/ class=\"alignleft\" style=\"margin-right:15px;margin-bottom:10px;float:left;\" ><br \/>\n\u201cNo estamos hablando de Claudio Iturra\u201d. As\u00ed tuvo que explicar Julio C\u00e9sar Rodr\u00edguez por qu\u00e9 en el matinal Contigo en la Ma\u00f1ana hablaban sobre anab\u00f3licos y sustancias, al mismo tiempo que se informaba sobre la muerte del aventurero, producto de un infarto.<\/p>\n<p>Todo parti\u00f3 cuando, una vez conocida la triste noticia, tomaron contacto con el entom\u00f3logo, Alfredo Ugarte, quien fuera compa\u00f1ero de Iturra en televisi\u00f3n.<br \/>\n<!--more--><br \/>\n\u201cEl bich\u00f3logo\u201d dijo que a Claudio \u201cle encantaba ir al gimnasio y estaba haci\u00e9ndose un poquito adicto a esta cosa de la musculatura y del estado f\u00edsico y todo eso. Y a lo mejor cuando uno entra en ese mundillo, empiezan a tomar anab\u00f3licos y esas cosas. Y los anab\u00f3licos uno de los efectos secundarios que puede tener son problemas al coraz\u00f3n. No s\u00e9. No me atrevo a decir nada\u201d, lanz\u00f3. Luego, insisti\u00f3: \u201cSer\u00eda s\u00faper irresponsable y s\u00faper injusto atribuirle algo de ese tipo\u2026 De mi parte. No me consta\u201d.<\/p>\n<p>powered by<br \/>\nTras sus declaraciones, Julio C\u00e9sar, Monserrat \u00c1lvarez y Roberto Cox siguieron el hilo y preguntaron sobre el uso de sustancias en el deporte al m\u00e9dico broncopulmonar Jorge Dreyse, que hab\u00eda sido invitado al programa para hablar de otro tema, pero les pill\u00f3 la contingencia.<\/p>\n<p>\u201cNO HAY NINGUNA RELACI\u00d3N DE CLAUDIO CON ESTOS MEDICAMENTOS\u201d<br \/>\nFue as\u00ed como se explayaron conversando sobre los anab\u00f3licos, medicamentos, suplementos y bebidas energ\u00e9ticas, y su relaci\u00f3n con los problemas al coraz\u00f3n, mientras en la pantalla pasaban las fotograf\u00edas de Claudio Iturra.<\/p>\n<p>Despu\u00e9s de varios minutos, el m\u00e9dico se peg\u00f3 la cachada: \u201cPara que quede s\u00faper claro, no hay ninguna relaci\u00f3n de Claudio con estos medicamentos\u201d.<\/p>\n<p>De inmediato, Julio C\u00e9sar reforz\u00f3: \u201cEste es un tema aparte que estamos tratando, a prop\u00f3sito que (el m\u00e9dico) est\u00e1 en la mesa. Vamos a liberar a Claudio. No tenemos idea ni siquiera si estaba entrenando, a m\u00ed no me consta. Este es un dato que entreg\u00f3 Alfredo (Ugarte), que estaba muy metido en el tema del entrenamiento y todo\u201d.<\/p>\n<p>Luego, continuaron hablando del mismo tema, hasta que JC nuevamente interrumpi\u00f3 para aclarar el asunto.<\/p>\n<p>\u201cVoy a hacer un punto editorial important\u00edsimo. No estamos hablando de Claudio Iturra. Estamos hablando con el doctor por qu\u00e9 a gente joven le puede dar un infarto. Para sacar a Claudio Iturra&#8230; estamos shockead\u00edsimos por su muerte, muy joven, y la pregunta que se hace la gente es por qu\u00e9 muere gente joven de un infarto\u201d, se\u00f1al\u00f3.<br \/>\nhttps:\/\/www.lacuarta.com\/espectaculos\/noticia\/a-mi-no-me-consta-jc-rodriguez-se-vio-obligado-a-una-aclaracion-editorial-sobre-la-muerte-de-claudio-iturra\/Y7OCE3GC5NGRVOGZMG5XSW5NAQ\/<br \/>\nFUENTE. LA CUARTA.COM<br \/>\nMEDIO DE DIFUSION, SIN FIN DE LUCRO <\/p>\n","protected":false},"excerpt":{"rendered":"<p>\u201cNo estamos hablando de Claudio Iturra\u201d. As\u00ed tuvo que explicar Julio C\u00e9sar Rodr\u00edguez por qu\u00e9 en el matinal Contigo en la Ma\u00f1ana hablaban sobre anab\u00f3licos y sustancias, al mismo tiempo que se informaba sobre la muerte del aventurero, producto de un infarto. Todo parti\u00f3 cuando, una vez conocida la triste noticia, tomaron contacto con el [&hellip;]<\/p>\n","protected":false},"author":51,"featured_media":0,"comment_status":"open","ping_status":"open","sticky":false,"template":"","format":"standard","meta":{"footnotes":""},"categories":[8,5,16,31,11],"tags":[138,774,116],"class_list":["post-28725","post","type-post","status-publish","format-standard","hentry","category-cultura","category-internacional","category-nacional","category-salud","category-tendencias","tag-espectaculo","tag-periodista","tag-tv"],"_links":{"self":[{"href":"http:\/\/www.lanuevaopcion.cl\/index.php?rest_route=\/wp\/v2\/posts\/28725","targetHints":{"allow":["GET"]}}],"collection":[{"href":"http:\/\/www.lanuevaopcion.cl\/index.php?rest_route=\/wp\/v2\/posts"}],"about":[{"href":"http:\/\/www.lanuevaopcion.cl\/index.php?rest_route=\/wp\/v2\/types\/post"}],"author":[{"embeddable":true,"href":"http:\/\/www.lanuevaopcion.cl\/index.php?rest_route=\/wp\/v2\/users\/51"}],"replies":[{"embeddable":true,"href":"http:\/\/www.lanuevaopcion.cl\/index.php?rest_route=%2Fwp%2Fv2%2Fcomments&post=28725"}],"version-history":[{"count":1,"href":"http:\/\/www.lanuevaopcion.cl\/index.php?rest_route=\/wp\/v2\/posts\/28725\/revisions"}],"predecessor-version":[{"id":28726,"href":"http:\/\/www.lanuevaopcion.cl\/index.php?rest_route=\/wp\/v2\/posts\/28725\/revisions\/28726"}],"wp:attachment":[{"href":"http:\/\/www.lanuevaopcion.cl\/index.php?rest_route=%2Fwp%2Fv2%2Fmedia&parent=28725"}],"wp:term":[{"taxonomy":"category","embeddable":true,"href":"http:\/\/www.lanuevaopcion.cl\/index.php?rest_route=%2Fwp%2Fv2%2Fcategories&post=28725"},{"taxonomy":"post_tag","embeddable":true,"href":"http:\/\/www.lanuevaopcion.cl\/index.php?rest_route=%2Fwp%2Fv2%2Ftags&post=28725"}],"curies":[{"name":"wp","href":"https:\/\/api.w.org\/{rel}","templated":true}]}}