{"id":28703,"date":"2024-05-09T14:15:54","date_gmt":"2024-05-09T14:15:54","guid":{"rendered":"http:\/\/www.lanuevaopcion.cl\/?p=28703"},"modified":"2024-05-09T14:16:30","modified_gmt":"2024-05-09T14:16:30","slug":"destapan-jugada-clave-de-izkia-siches-para-meter-preso-y-condenar-a-hector-llaitul-su-idea-no-era-compartida-en-la-moneda","status":"publish","type":"post","link":"http:\/\/www.lanuevaopcion.cl\/?p=28703","title":{"rendered":"Destapan jugada clave de Izkia Siches para meter preso y condenar a H\u00e9ctor Llaitul: su idea no era compartida en La Moneda"},"content":{"rendered":"<p><img loading=\"lazy\" decoding=\"async\"  alt=\"\" src=\"https:\/\/www.lacuarta.com\/resizer\/1fWok7r2JhSJWbhnH6kU4DyZOLs=\/640x360\/smart\/cloudfront-us-east-1.images.arcpublishing.com\/copesa\/QXPUWMFGPJED3OCYJIQFJV7MEM.jpg\" class=\"alignleft\" width=\"640\" height=\"360\" \/ class=\"alignleft\" style=\"margin-right:15px;margin-bottom:10px;float:left;\" ><br \/>\nUn rol clave habr\u00eda jugado Izkia Siches, en sus primeros meses como ministra del Interior del Presidente Gabriel Boric, para empujar una arremetida judicial en contra del l\u00edder de la Coordinadora Arauco Malleco (CAM), H\u00e9ctor Llaitul.<\/p>\n<p>A pocos d\u00edas de asumir el cargo, y en una \u00e9poca en que se hablaba mucho de \u201cWallmapu\u201d en el oficialismo, Siches intent\u00f3 visitar personalmente Temucuicui, en Ercilla, pero fue repelida con una barricada y disparos al aire.<br \/>\n<!--more--><br \/>\nSemanas despu\u00e9s de ese bullado incidente, el Gobierno decidi\u00f3 dar continuidad al Estado de Excepci\u00f3n que hab\u00eda dispuesto la administraci\u00f3n Pi\u00f1era en La Araucan\u00eda y dos provincias del Biob\u00edo, pero algo m\u00e1s \u201cacotado\u201d.<\/p>\n<p>powered by<br \/>\nUna medida que gener\u00f3 una fuerte reacci\u00f3n en la CAM. Su l\u00edder hist\u00f3rico, H\u00e9ctor Llaitul, apareci\u00f3 realizando repetidos llamados a la resistencia armada, mientras en paralelo se reportaban ataques incendiarios en distintas zonas.<\/p>\n<p>Hasta ah\u00ed, la respuesta del Ejecutivo era tajante: \u201cNuestro gobierno no persigue ideas ni declaraciones\u201d, dec\u00eda el mismo Presidente Boric, descartando una querella por Ley de Seguridad del Estado. Postura que era compartida por su gabinete, pero de pronto apareci\u00f3 una voz disidente.<\/p>\n<p>IZKIA SICHES Y SU INICIATIVA PARA PERSEGUIR A LLAITUL<br \/>\nDe acuerdo a La Tercera, en julio de 2022 Izkia Siches decidi\u00f3 realizar cambios en su equipo jur\u00eddico a la abogada del CDE Luppy Aguirre, quien detect\u00f3 que el gobierno de Pi\u00f1era ya se hab\u00eda querellado contra Llaitul, precisamente, por sus declaraciones que, para muchos, incitaban a actos de violencia.<\/p>\n<p>Fue as\u00ed como la ministra del Interior habr\u00eda propuesto presentar una acci\u00f3n judicial contra el l\u00edder de la CAM invocando la Ley de Seguridad del Estado. Seg\u00fan fuentes del citado medio, en el comit\u00e9 pol\u00edtico segu\u00edan oponi\u00e9ndose y la m\u00e9dico corr\u00eda sola con su postura. En esos d\u00edas, adem\u00e1s, la Fiscal\u00eda presionaba con que era necesaria una querella del Ejecutivo si se quer\u00eda perseguir a Llaitul por sus dichos.<\/p>\n<p>A fines de julio del primer a\u00f1o de Boric, Siches logr\u00f3 imponer su postura y ella misma sali\u00f3 a anunciar a los medios que el Gobierno del Frente Amplio y el Partido Comunista se querellar\u00eda por la resistida Ley de Seguridad del Estado (LSE) contra uno de los m\u00e1s reconocidos l\u00edderes mapuche.<\/p>\n<p>Ayer, 8 de mayo de 2024, H\u00e9ctor Llaitul Carrillanca fue sentenciado a 23 a\u00f1os de c\u00e1rcel, por delitos que se enmarcan en la LSE, adem\u00e1s de hurto y atentado contra la autoridad.<br \/>\nhttps:\/\/www.lacuarta.com\/chile\/noticia\/destapan-jugada-clave-de-izkia-siches-para-meter-preso-y-condenar-a-hector-llaitul-su-idea-no-era-compartida-en-la-moneda\/YK5IMJAIFFGRJOTAVX3IULG66I\/<br \/>\nFUENTE, LA CUARTA.COM<br \/>\nMEDIODE DIFUSION , SIN FIN DE LUCRO ALGUNO<\/p>\n","protected":false},"excerpt":{"rendered":"<p>Un rol clave habr\u00eda jugado Izkia Siches, en sus primeros meses como ministra del Interior del Presidente Gabriel Boric, para empujar una arremetida judicial en contra del l\u00edder de la Coordinadora Arauco Malleco (CAM), H\u00e9ctor Llaitul. A pocos d\u00edas de asumir el cargo, y en una \u00e9poca en que se hablaba mucho de \u201cWallmapu\u201d en [&hellip;]<\/p>\n","protected":false},"author":51,"featured_media":0,"comment_status":"open","ping_status":"open","sticky":false,"template":"","format":"standard","meta":{"footnotes":""},"categories":[5,16,1,11],"tags":[946,867,57],"class_list":["post-28703","post","type-post","status-publish","format-standard","hentry","category-internacional","category-nacional","category-uncategorized","category-tendencias","tag-hector-llaitul","tag-izkia-siches","tag-justicia"],"_links":{"self":[{"href":"http:\/\/www.lanuevaopcion.cl\/index.php?rest_route=\/wp\/v2\/posts\/28703","targetHints":{"allow":["GET"]}}],"collection":[{"href":"http:\/\/www.lanuevaopcion.cl\/index.php?rest_route=\/wp\/v2\/posts"}],"about":[{"href":"http:\/\/www.lanuevaopcion.cl\/index.php?rest_route=\/wp\/v2\/types\/post"}],"author":[{"embeddable":true,"href":"http:\/\/www.lanuevaopcion.cl\/index.php?rest_route=\/wp\/v2\/users\/51"}],"replies":[{"embeddable":true,"href":"http:\/\/www.lanuevaopcion.cl\/index.php?rest_route=%2Fwp%2Fv2%2Fcomments&post=28703"}],"version-history":[{"count":2,"href":"http:\/\/www.lanuevaopcion.cl\/index.php?rest_route=\/wp\/v2\/posts\/28703\/revisions"}],"predecessor-version":[{"id":28705,"href":"http:\/\/www.lanuevaopcion.cl\/index.php?rest_route=\/wp\/v2\/posts\/28703\/revisions\/28705"}],"wp:attachment":[{"href":"http:\/\/www.lanuevaopcion.cl\/index.php?rest_route=%2Fwp%2Fv2%2Fmedia&parent=28703"}],"wp:term":[{"taxonomy":"category","embeddable":true,"href":"http:\/\/www.lanuevaopcion.cl\/index.php?rest_route=%2Fwp%2Fv2%2Fcategories&post=28703"},{"taxonomy":"post_tag","embeddable":true,"href":"http:\/\/www.lanuevaopcion.cl\/index.php?rest_route=%2Fwp%2Fv2%2Ftags&post=28703"}],"curies":[{"name":"wp","href":"https:\/\/api.w.org\/{rel}","templated":true}]}}