{"id":28700,"date":"2024-05-08T12:29:40","date_gmt":"2024-05-08T12:29:40","guid":{"rendered":"http:\/\/www.lanuevaopcion.cl\/?p=28700"},"modified":"2024-05-08T12:29:40","modified_gmt":"2024-05-08T12:29:40","slug":"%e2%80%9cfue-imposible-acceder-a-el%e2%80%9d-bomberos-entrega-detalles-de-incendio-donde-murio-hijo-de-mariana-derderian","status":"publish","type":"post","link":"http:\/\/www.lanuevaopcion.cl\/?p=28700","title":{"rendered":"\u201cFue imposible acceder a \u00e9l\u201d: Bomberos entrega detalles de incendio donde muri\u00f3 hijo de Mariana Derder\u00edan"},"content":{"rendered":"<p><img loading=\"lazy\" decoding=\"async\"  alt=\"\" src=\"https:\/\/www.lacuarta.com\/resizer\/UoJXb3ABjELoXaongVzQWSNomTY=\/0x72:1200x747\/640x360\/cloudfront-us-east-1.images.arcpublishing.com\/copesa\/PFY4MKBUNVCVHCZ3FRIUB5G7CE.jpg\" class=\"alignleft\" width=\"640\" height=\"360\" \/ class=\"alignleft\" style=\"margin-right:15px;margin-bottom:10px;float:left;\" ><br \/>\nDurante la madrugada de este mi\u00e9rcoles, un violento incendio se produjo en la casa de Mariana Derderi\u00e1n, en la comuna de Vitacura.<\/p>\n<p>Seg\u00fan la informaci\u00f3n entregada por Bomberos que llegaron hasta el lugar, las llamas habr\u00edan comenzado pasada las 2:30, cuando la familia estaba durmiendo, y lamentablemente le cost\u00f3 la vida al hijo de 6 a\u00f1os de la actriz, y tambi\u00e9n del periodista Francisco Aravena, compa\u00f1ero de labores de La Tercera y Radio Duna.<br \/>\n<!--more--><br \/>\nAdem\u00e1s, el uniformado sostuvo que en el inmueble tambi\u00e9n se encontraba su hermana mayor, del 9 a\u00f1os, quienes fueron trasladadas hasta la Cl\u00ednica Alemana para ser atendidas.<\/p>\n<p>powered by<br \/>\nEn tanto, el capit\u00e1n Rodrigo Cornejo, de la 18\u1d43 Compa\u00f1\u00eda del Cuerpo de Bomberos de Santiago, indic\u00f3 que pese a los esfuerzos que se hicieron, el menor qued\u00f3 atrapado y no pudieron rescatarlo.<\/p>\n<p>\u201cA la llegada de Bomberos fue imposible (\u2026) poder acceder hasta el menor de edad y hacer la maniobra de rescate respectiva\u201d, revel\u00f3.<\/p>\n<p>Adem\u00e1s, agreg\u00f3 que \u201cel Departamento de Investigaci\u00f3n de Incendios est\u00e1 a cargo de hacer las pesquisas necesarias para determinar el origen y la causa del fuego\u201d.<\/p>\n<p>EL RELATO DE CARABINEROS<br \/>\nPor su parte, el teniente coronel de Carabineros, Marco Fuentes, inform\u00f3 que \u201cla madre con uno de los hijos logra evacuar el inmueble, pero lamentablemente el hijo de seis a\u00f1os fallece al interior producto de la acci\u00f3n de las llamas\u201d.<\/p>\n<p>Cabe destacar que para investigar las causas de la emergencia, hasta el lugar lleg\u00f3 el equipo de Labocar y el OS9 de Carabineros<br \/>\nhttps:\/\/www.lacuarta.com\/chile\/noticia\/fue-imposible-acceder-a-el-bomberos-entrega-detalles-de-incendio-donde-murio-hijo-de-mariana-derderian\/CET56VATW5C6FINH4D57H7B5LQ\/<br \/>\nFUENTE. LA CUARTA.COM<br \/>\nMEDIO DE DIFUSION , SIN FIN DE LUCRO ALGUNO <\/p>\n","protected":false},"excerpt":{"rendered":"<p>Durante la madrugada de este mi\u00e9rcoles, un violento incendio se produjo en la casa de Mariana Derderi\u00e1n, en la comuna de Vitacura. Seg\u00fan la informaci\u00f3n entregada por Bomberos que llegaron hasta el lugar, las llamas habr\u00edan comenzado pasada las 2:30, cuando la familia estaba durmiendo, y lamentablemente le cost\u00f3 la vida al hijo de 6 [&hellip;]<\/p>\n","protected":false},"author":51,"featured_media":0,"comment_status":"open","ping_status":"open","sticky":false,"template":"","format":"standard","meta":{"footnotes":""},"categories":[16,31,11],"tags":[310],"class_list":["post-28700","post","type-post","status-publish","format-standard","hentry","category-nacional","category-salud","category-tendencias","tag-incendio"],"_links":{"self":[{"href":"http:\/\/www.lanuevaopcion.cl\/index.php?rest_route=\/wp\/v2\/posts\/28700","targetHints":{"allow":["GET"]}}],"collection":[{"href":"http:\/\/www.lanuevaopcion.cl\/index.php?rest_route=\/wp\/v2\/posts"}],"about":[{"href":"http:\/\/www.lanuevaopcion.cl\/index.php?rest_route=\/wp\/v2\/types\/post"}],"author":[{"embeddable":true,"href":"http:\/\/www.lanuevaopcion.cl\/index.php?rest_route=\/wp\/v2\/users\/51"}],"replies":[{"embeddable":true,"href":"http:\/\/www.lanuevaopcion.cl\/index.php?rest_route=%2Fwp%2Fv2%2Fcomments&post=28700"}],"version-history":[{"count":2,"href":"http:\/\/www.lanuevaopcion.cl\/index.php?rest_route=\/wp\/v2\/posts\/28700\/revisions"}],"predecessor-version":[{"id":28702,"href":"http:\/\/www.lanuevaopcion.cl\/index.php?rest_route=\/wp\/v2\/posts\/28700\/revisions\/28702"}],"wp:attachment":[{"href":"http:\/\/www.lanuevaopcion.cl\/index.php?rest_route=%2Fwp%2Fv2%2Fmedia&parent=28700"}],"wp:term":[{"taxonomy":"category","embeddable":true,"href":"http:\/\/www.lanuevaopcion.cl\/index.php?rest_route=%2Fwp%2Fv2%2Fcategories&post=28700"},{"taxonomy":"post_tag","embeddable":true,"href":"http:\/\/www.lanuevaopcion.cl\/index.php?rest_route=%2Fwp%2Fv2%2Ftags&post=28700"}],"curies":[{"name":"wp","href":"https:\/\/api.w.org\/{rel}","templated":true}]}}