{"id":28683,"date":"2024-04-26T11:30:16","date_gmt":"2024-04-26T11:30:16","guid":{"rendered":"http:\/\/www.lanuevaopcion.cl\/?p=28683"},"modified":"2024-04-26T11:30:16","modified_gmt":"2024-04-26T11:30:16","slug":"%e2%80%9cesta-asustada%e2%80%a6%e2%80%9d-abogado-de-maite-orsini-revelo-episodio-que-gatillo-demanda-de-la-diputada-en-contra-de-daniela-aranguiz","status":"publish","type":"post","link":"http:\/\/www.lanuevaopcion.cl\/?p=28683","title":{"rendered":"\u201cEst\u00e1 asustada\u2026\u201d: abogado de Maite Orsini revel\u00f3 episodio que gatill\u00f3 demanda de la diputada en contra de Daniela Ar\u00e1nguiz"},"content":{"rendered":"<p><img loading=\"lazy\" decoding=\"async\"  alt=\"\" src=\"https:\/\/www.lacuarta.com\/resizer\/YKuDotXDHqMOOI6BrrzJxNOkMHY=\/0x63:1200x738\/640x360\/cloudfront-us-east-1.images.arcpublishing.com\/copesa\/YHTTPQC4YFA2VMRNXGZGQOS42Y.jpg\" class=\"alignleft\" width=\"640\" height=\"360\" \/ class=\"alignleft\" style=\"margin-right:15px;margin-bottom:10px;float:left;\" ><br \/>\nNo son pocos los programas de televisi\u00f3n, incluidos los matinales, los que han dedicado varios horas a abordar la pol\u00e9mica que involucra a Maite Orsini, Daniela Ar\u00e1nguiz y Jorge Valdivia.<\/p>\n<p>Por ejemplo, este jueves varios espacio estuvieron largo rato hablando de la demanda que interpuso la diputada en contra de la ex pareja de su enamorado.<\/p>\n<p>Y en ese contexto, en el Mucho Gusto conversaron con Daniel Jorge, el abogado de la parlamentaria, quien cont\u00f3 detalles relacionados con la acci\u00f3n legal de su representada.<br \/>\n<!--more--><br \/>\npowered by<br \/>\n\u201cEsto no tiene que ver con un romance. Hay dos hechos que nosotros pusimos en la querella\u201d, aclar\u00f3 de entrada en el matinal de Mega.<\/p>\n<p>Y en esa misma l\u00ednea, agreg\u00f3: \u201cel primero es del 1 de mayo de 2023 y el segundo hecho, que fue lo que provoc\u00f3 la querella, es de marzo de 2024 en una segunda historia de Instagram que comparten con m\u00e1s de un mill\u00f3n de seguidores, donde lo que hace es decir que mi representada es una maltratadora de ni\u00f1os\u201d.<\/p>\n<p>EL MENSAJE QUE COLM\u00d3 A MAITE<br \/>\nAdem\u00e1s, Jorge recalc\u00f3 que han sido las insistes acciones y actitudes de la ex Mekano las que terminaron por colmar la paciencia de Orsini.<\/p>\n<p>\u201cClaramente decirle a alguien que es perra o que maltrata ni\u00f1os, no es una desaguisada comunicacional\u201d, detall\u00f3 el defensor legal, quien recalc\u00f3 que ser\u00e1n precisamente esas publicaciones que comparti\u00f3 en redes sociales las que expondr\u00e1n como medio de pruebas.<\/p>\n<p>\u201cElla dice \u2018voy a decir que eres maltratadora de ni\u00f1os\u2019 y acto seguido sube una historia, sabiendo que le va a perjudicar\u201d, coment\u00f3 el abogado, quien adem\u00e1s recalc\u00f3 que Maite \u201cest\u00e1 asustada\u201d.<\/p>\n<p>\u201cTiene temor de lo que esta persona implica, ya que es una persona que tiene otras causas en las que ha sido imputada por lesiones\u201d, plante\u00f3.<\/p>\n<p>Por \u00faltimo, tambi\u00e9n confirm\u00f3 que Elizabeth Toro, mam\u00e1 de Jorge Valdivia, declarar\u00e1 en contra de su ex nuera.<\/p>\n<p>\u201cEsto es para dejar en claro que mi representada jam\u00e1s estuvo a solas con los ni\u00f1os y que justamente ella fue cari\u00f1osa con ellos\u201d, remat\u00f3<br \/>\nhttps:\/\/www.lacuarta.com\/espectaculos\/noticia\/esta-asustada-abogado-de-maite-orsini-revelo-detallo-que-gatillo-la-demanda-de-la-diputada-en-contra-de-daniela-aranguiz\/DL4XBRHRABCL3BM5V4N5QYX5ZM\/<br \/>\nFUENTE. LA CUARTA.COM<br \/>\nMEDIO DE DIFUSION, SIN FIN DE LUCRO ALGUNO<\/p>\n","protected":false},"excerpt":{"rendered":"<p>No son pocos los programas de televisi\u00f3n, incluidos los matinales, los que han dedicado varios horas a abordar la pol\u00e9mica que involucra a Maite Orsini, Daniela Ar\u00e1nguiz y Jorge Valdivia. Por ejemplo, este jueves varios espacio estuvieron largo rato hablando de la demanda que interpuso la diputada en contra de la ex pareja de su [&hellip;]<\/p>\n","protected":false},"author":51,"featured_media":0,"comment_status":"open","ping_status":"open","sticky":false,"template":"","format":"standard","meta":{"footnotes":""},"categories":[9,16,1,11],"tags":[1089,138,45],"class_list":["post-28683","post","type-post","status-publish","format-standard","hentry","category-educacion","category-nacional","category-uncategorized","category-tendencias","tag-diputada","tag-espectaculo","tag-television"],"_links":{"self":[{"href":"http:\/\/www.lanuevaopcion.cl\/index.php?rest_route=\/wp\/v2\/posts\/28683","targetHints":{"allow":["GET"]}}],"collection":[{"href":"http:\/\/www.lanuevaopcion.cl\/index.php?rest_route=\/wp\/v2\/posts"}],"about":[{"href":"http:\/\/www.lanuevaopcion.cl\/index.php?rest_route=\/wp\/v2\/types\/post"}],"author":[{"embeddable":true,"href":"http:\/\/www.lanuevaopcion.cl\/index.php?rest_route=\/wp\/v2\/users\/51"}],"replies":[{"embeddable":true,"href":"http:\/\/www.lanuevaopcion.cl\/index.php?rest_route=%2Fwp%2Fv2%2Fcomments&post=28683"}],"version-history":[{"count":1,"href":"http:\/\/www.lanuevaopcion.cl\/index.php?rest_route=\/wp\/v2\/posts\/28683\/revisions"}],"predecessor-version":[{"id":28684,"href":"http:\/\/www.lanuevaopcion.cl\/index.php?rest_route=\/wp\/v2\/posts\/28683\/revisions\/28684"}],"wp:attachment":[{"href":"http:\/\/www.lanuevaopcion.cl\/index.php?rest_route=%2Fwp%2Fv2%2Fmedia&parent=28683"}],"wp:term":[{"taxonomy":"category","embeddable":true,"href":"http:\/\/www.lanuevaopcion.cl\/index.php?rest_route=%2Fwp%2Fv2%2Fcategories&post=28683"},{"taxonomy":"post_tag","embeddable":true,"href":"http:\/\/www.lanuevaopcion.cl\/index.php?rest_route=%2Fwp%2Fv2%2Ftags&post=28683"}],"curies":[{"name":"wp","href":"https:\/\/api.w.org\/{rel}","templated":true}]}}