{"id":28652,"date":"2024-04-09T17:04:28","date_gmt":"2024-04-09T17:04:28","guid":{"rendered":"http:\/\/www.lanuevaopcion.cl\/?p=28652"},"modified":"2024-04-09T17:04:28","modified_gmt":"2024-04-09T17:04:28","slug":"%e2%80%9cla-victimizacion-esta-tan-de-moda%e2%80%9d-dra-cordero-apaga-el-fuego-con-bencina-tras-desatar-polemica-en-el-congreso","status":"publish","type":"post","link":"http:\/\/www.lanuevaopcion.cl\/?p=28652","title":{"rendered":"\u201cLa victimizaci\u00f3n est\u00e1 tan de moda&#8230;\u201d: Dra. Cordero apaga el fuego con bencina tras desatar pol\u00e9mica en el Congreso"},"content":{"rendered":"<p><img loading=\"lazy\" decoding=\"async\"  alt=\"\" src=\"https:\/\/www.lacuarta.com\/resizer\/dGyaagzbFHS_VsNhzTgRDt2EIc4=\/45x0:1556x850\/640x360\/cloudfront-us-east-1.images.arcpublishing.com\/copesa\/RLQ4367JDBGXRDLURGJ4LHWIMY.jpg\" class=\"alignleft\" width=\"640\" height=\"360\" \/ class=\"alignleft\" style=\"margin-right:15px;margin-bottom:10px;float:left;\" ><br \/>\nLa diputada Mar\u00eda Luisa Cordero reaccion\u00f3 a las cr\u00edticas que generaron sus dichos en la Comisi\u00f3n de Salud de la C\u00e1mara de Diputadas y Diputados contra los pacientes que sufren esquizofrenia.<\/p>\n<p>\u201cHe sido v\u00edctima de much\u00edsimas agresiones ayer en ocasi\u00f3n a una situaci\u00f3n que se vivi\u00f3 en la Comisi\u00f3n de Salud, donde hab\u00edamos estado trabajando y estaba muy tensa, y yo me refer\u00ed a la tragedia que experimentan los familiares de los esquizofr\u00e9nicos\u201d, acus\u00f3 la parlamentaria.<br \/>\n<!--more--><br \/>\nAsimismo, asegur\u00f3 que \u201clas personas que me maltratan por lo que pas\u00f3 ayer, no tienen idea lo que yo he hecho por los pacientes psiqui\u00e1tricos de Chile. He tenido much\u00edsimas mam\u00e1s y pap\u00e1s agredidos por sus hijos\u201d.<\/p>\n<p>\u201cPara que ustedes sepan, me correspondi\u00f3 hospitalizar a la mam\u00e1 de un paciente a\u00f1os atr\u00e1s porque le parti\u00f3 el hombro con un hacha, porque una de las caracter\u00edsticas de la enfermedad psiqui\u00e1trica llama esquizofrenia es que los pacientes son absolutamente imprescindibles y pueden tomar un revolver, un hacha y matar al que tienen al frente sin ninguna conciencia. Ellos son personas ensimismadas, donde no hay culpa ni reflexi\u00f3n\u201d, a\u00f1adi\u00f3.<\/p>\n<p>\u201cEntonces, cuando se pongan a hablar de los pacientes esquizofr\u00e9nicos, no son mascotas, son seres humanos muy complejos rodeados de una familia que sufre una eternidad\u201d, complement\u00f3.<\/p>\n<p>ACUS\u00d3 HISTERIA<br \/>\nFinalmente, valor\u00f3 el apoyo que dijo recibir por parte familiares de personas con esquizofrenia.<\/p>\n<p>\u201cYo me quedo con eso, no con la histeria, la hiperreactividad y la victimizaci\u00f3n que est\u00e1 tan de moda. Yo no, yo soy una persona fuerte y no me victimizo\u201d, sentenci\u00f3.<br \/>\nhttps:\/\/www.lacuarta.com\/cronica\/noticia\/la-victimizacion-esta-tan-de-moda-dra-cordero-apaga-el-fuego-con-bencina-tras-desatar-polemica-en-el-congreso\/EIA75Z7NBFHC7CWKDJ5LYCJVEE\/<br \/>\nFUENTE. LA CUARTA.COM<br \/>\nMEDIO DE DIFUSION , SIN FIN DE LUCRO ALGUNO<\/p>\n","protected":false},"excerpt":{"rendered":"<p>La diputada Mar\u00eda Luisa Cordero reaccion\u00f3 a las cr\u00edticas que generaron sus dichos en la Comisi\u00f3n de Salud de la C\u00e1mara de Diputadas y Diputados contra los pacientes que sufren esquizofrenia. \u201cHe sido v\u00edctima de much\u00edsimas agresiones ayer en ocasi\u00f3n a una situaci\u00f3n que se vivi\u00f3 en la Comisi\u00f3n de Salud, donde hab\u00edamos estado trabajando [&hellip;]<\/p>\n","protected":false},"author":51,"featured_media":0,"comment_status":"open","ping_status":"open","sticky":false,"template":"","format":"standard","meta":{"footnotes":""},"categories":[8,9,16,1,11],"tags":[144,1335],"class_list":["post-28652","post","type-post","status-publish","format-standard","hentry","category-cultura","category-educacion","category-nacional","category-uncategorized","category-tendencias","tag-diputados","tag-dra-cordero-diputada"],"_links":{"self":[{"href":"http:\/\/www.lanuevaopcion.cl\/index.php?rest_route=\/wp\/v2\/posts\/28652","targetHints":{"allow":["GET"]}}],"collection":[{"href":"http:\/\/www.lanuevaopcion.cl\/index.php?rest_route=\/wp\/v2\/posts"}],"about":[{"href":"http:\/\/www.lanuevaopcion.cl\/index.php?rest_route=\/wp\/v2\/types\/post"}],"author":[{"embeddable":true,"href":"http:\/\/www.lanuevaopcion.cl\/index.php?rest_route=\/wp\/v2\/users\/51"}],"replies":[{"embeddable":true,"href":"http:\/\/www.lanuevaopcion.cl\/index.php?rest_route=%2Fwp%2Fv2%2Fcomments&post=28652"}],"version-history":[{"count":1,"href":"http:\/\/www.lanuevaopcion.cl\/index.php?rest_route=\/wp\/v2\/posts\/28652\/revisions"}],"predecessor-version":[{"id":28653,"href":"http:\/\/www.lanuevaopcion.cl\/index.php?rest_route=\/wp\/v2\/posts\/28652\/revisions\/28653"}],"wp:attachment":[{"href":"http:\/\/www.lanuevaopcion.cl\/index.php?rest_route=%2Fwp%2Fv2%2Fmedia&parent=28652"}],"wp:term":[{"taxonomy":"category","embeddable":true,"href":"http:\/\/www.lanuevaopcion.cl\/index.php?rest_route=%2Fwp%2Fv2%2Fcategories&post=28652"},{"taxonomy":"post_tag","embeddable":true,"href":"http:\/\/www.lanuevaopcion.cl\/index.php?rest_route=%2Fwp%2Fv2%2Ftags&post=28652"}],"curies":[{"name":"wp","href":"https:\/\/api.w.org\/{rel}","templated":true}]}}