{"id":28621,"date":"2024-03-20T08:55:52","date_gmt":"2024-03-20T08:55:52","guid":{"rendered":"http:\/\/www.lanuevaopcion.cl\/?p=28621"},"modified":"2024-03-20T08:55:52","modified_gmt":"2024-03-20T08:55:52","slug":"%e2%80%9c%c2%a1me-mataron-a-mi-hija-%c2%a1corrupto%e2%80%9d-la-potente-funa-que-sorprendio-al-exdirector-de-la-pdi-en-plena-sala-de-audiencia","status":"publish","type":"post","link":"http:\/\/www.lanuevaopcion.cl\/?p=28621","title":{"rendered":"\u201c\u00a1Me mataron a mi hija! \u00a1Corrupto!\u201d: La potente funa que sorprendi\u00f3 al exdirector de la PDI en plena sala de audiencia"},"content":{"rendered":"<p><img loading=\"lazy\" decoding=\"async\"  alt=\"\" src=\"https:\/\/www.lacuarta.com\/resizer\/u4vnRRbiYWO4ibbd5VKD2rWU8-0=\/640x360\/smart\/cloudfront-us-east-1.images.arcpublishing.com\/copesa\/46AQTUEQONCU7FKPD67K7C2FZA.jpg\" class=\"alignleft\" width=\"640\" height=\"360\" \/ class=\"alignleft\" style=\"margin-right:15px;margin-bottom:10px;float:left;\" ><br \/>\nCon fuertes gritos irrumpi\u00f3 la familia de Valeria Vivanco al finalizar la audiencia de formalizaci\u00f3n del renunciado director de la PDI, Sergio Mu\u00f1oz. Acusaron al exjefe policial de presuntas irregularidades en el asesinato de la funcionaria<\/p>\n<p>La detective muri\u00f3 baleada por un compa\u00f1ero, en medio de un procedimiento policial en la zona sur de la capital, el a\u00f1o 2021. Leonel Contreras fue condenado pero hoy est\u00e1 en libertad por una anulaci\u00f3n parcial de la sentencia.<br \/>\n<!--more--><br \/>\nLa familia de Vivanco apunt\u00f3 sus dardos contra Mu\u00f1oz, al que acusaron de ocultar informaci\u00f3n importante para la investigaci\u00f3n.<\/p>\n<p>\u201c\u00a1Me mataron a mi hija, Valeria Vivanco! Serguio Mu\u00f1oz, tu instituci\u00f3n me mat\u00f3 a mi hija y nadie pag\u00f3 por ella. \u00a1Mi hija est\u00e1 en un cementerio y el asesino est\u00e1 libre!\u201d, expres\u00f3 Jacqueline Caru, madre de Valeria, al finalizar la audiencia de este martes.<\/p>\n<p>En ese momento, Mu\u00f1oz fue sacado por personal de Gendarmer\u00eda y se retir\u00f3 r\u00e1pidamente a cumplir prisi\u00f3n preventiva en un cuartel de la PDI. \u201c\u00a1Corrupto! \u00a1Justicia para Valeria!\u201d, eran algunos de los gritos que se escuchaban.<br \/>\nhttps:\/\/www.lacuarta.com\/cronica\/noticia\/me-mataron-a-mi-hija-corrupto-la-potente-funa-que-sorprendio-al-exdirector-de-la-pdi-en-plena-sala-de-audiencia\/IV4LMJVCMBFYFLLDESGLWVX2FM\/#<br \/>\nFUENTE. LA CUARTA.COM<\/p>\n","protected":false},"excerpt":{"rendered":"<p>Con fuertes gritos irrumpi\u00f3 la familia de Valeria Vivanco al finalizar la audiencia de formalizaci\u00f3n del renunciado director de la PDI, Sergio Mu\u00f1oz. Acusaron al exjefe policial de presuntas irregularidades en el asesinato de la funcionaria La detective muri\u00f3 baleada por un compa\u00f1ero, en medio de un procedimiento policial en la zona sur de la [&hellip;]<\/p>\n","protected":false},"author":51,"featured_media":0,"comment_status":"open","ping_status":"open","sticky":false,"template":"","format":"standard","meta":{"footnotes":""},"categories":[9,5,16,30,1,11],"tags":[675,1325,122],"class_list":["post-28621","post","type-post","status-publish","format-standard","hentry","category-educacion","category-internacional","category-nacional","category-policial","category-uncategorized","category-tendencias","tag-cronica","tag-impacto","tag-pdi"],"_links":{"self":[{"href":"http:\/\/www.lanuevaopcion.cl\/index.php?rest_route=\/wp\/v2\/posts\/28621","targetHints":{"allow":["GET"]}}],"collection":[{"href":"http:\/\/www.lanuevaopcion.cl\/index.php?rest_route=\/wp\/v2\/posts"}],"about":[{"href":"http:\/\/www.lanuevaopcion.cl\/index.php?rest_route=\/wp\/v2\/types\/post"}],"author":[{"embeddable":true,"href":"http:\/\/www.lanuevaopcion.cl\/index.php?rest_route=\/wp\/v2\/users\/51"}],"replies":[{"embeddable":true,"href":"http:\/\/www.lanuevaopcion.cl\/index.php?rest_route=%2Fwp%2Fv2%2Fcomments&post=28621"}],"version-history":[{"count":1,"href":"http:\/\/www.lanuevaopcion.cl\/index.php?rest_route=\/wp\/v2\/posts\/28621\/revisions"}],"predecessor-version":[{"id":28622,"href":"http:\/\/www.lanuevaopcion.cl\/index.php?rest_route=\/wp\/v2\/posts\/28621\/revisions\/28622"}],"wp:attachment":[{"href":"http:\/\/www.lanuevaopcion.cl\/index.php?rest_route=%2Fwp%2Fv2%2Fmedia&parent=28621"}],"wp:term":[{"taxonomy":"category","embeddable":true,"href":"http:\/\/www.lanuevaopcion.cl\/index.php?rest_route=%2Fwp%2Fv2%2Fcategories&post=28621"},{"taxonomy":"post_tag","embeddable":true,"href":"http:\/\/www.lanuevaopcion.cl\/index.php?rest_route=%2Fwp%2Fv2%2Ftags&post=28621"}],"curies":[{"name":"wp","href":"https:\/\/api.w.org\/{rel}","templated":true}]}}