{"id":28596,"date":"2024-03-14T09:56:00","date_gmt":"2024-03-14T09:56:00","guid":{"rendered":"http:\/\/www.lanuevaopcion.cl\/?p=28596"},"modified":"2024-03-14T09:56:40","modified_gmt":"2024-03-14T09:56:40","slug":"%e2%80%9cvayan-sacando-el-gc%e2%80%a6%e2%80%9d-frase-sobre-boric-del-alcalde-de-estacion-central-sorprendio-a-panel-del-mucho-gusto-y-genero-%e2%80%98cruce%e2%80%99-en-vivo","status":"publish","type":"post","link":"http:\/\/www.lanuevaopcion.cl\/?p=28596","title":{"rendered":"\u201cVayan sacando el GC\u2026\u201d: frase sobre Boric del alcalde de Estaci\u00f3n Central sorprendi\u00f3 a panel del Mucho Gusto y gener\u00f3 \u2018cruce\u2019 en vivo"},"content":{"rendered":"<p><img loading=\"lazy\" decoding=\"async\"  alt=\"\" src=\"https:\/\/www.lacuarta.com\/resizer\/WVXHl8xAAgQxx_kJ5-cEj0OUaJo=\/640x360\/smart\/cloudfront-us-east-1.images.arcpublishing.com\/copesa\/K7DED7FVUZFUTA47JDGGNXVHNI.jpg\" class=\"alignleft\" width=\"640\" height=\"360\" \/ class=\"alignleft\" style=\"margin-right:15px;margin-bottom:10px;float:left;\" ><br \/>\nUna llamativa situaci\u00f3n de produjo durante la ma\u00f1ana de este mi\u00e9rcoles en el Mucho Gusto, donde conversaron largo y tendido con el alcalde de Estaci\u00f3n Central, Felipe Mu\u00f1oz.<\/p>\n<p>En la ocasi\u00f3n, le preguntaron al edil sobre la visita del Presidente Gabriel Boric a su comuna en las \u00faltimas horas. Esto, en medio de una serie de operativos que se han llevado acabo para combatir la crisis de seguridad.<br \/>\n<!--more--><br \/>\nSin embargo, Mu\u00f1oz sorprendi\u00f3 al revelar que se enter\u00f3 gracias a su hermano de la presencia del mandatario en el barrio.<\/p>\n<p>\u201cYo no tengo tanto detalle\u201d, fue lo primero que dijo el jefe comunal. \u201c\u00bfNo se coordin\u00f3 con usted, alcalde?\u201d, le pregunt\u00f3 sorprendida Karen Doggenweiler desde el estudio.<\/p>\n<p>\u201cNo, no, para nada. Nosotros tambi\u00e9n hubi\u00e9semos acompa\u00f1ado en temas de seguridad con alg\u00fan inspector municipal, si embargo, no nos avisaron, pero de todas maneras nos enteramos de que hab\u00eda estado el Presidente en nuestra comuna\u201d, indic\u00f3.<\/p>\n<p>Y ante la mirada incr\u00e9dula de todos en el matinal de Mega, donde le pusieron el caso del alcalde Vodanovic y su visita de este martes a La Moneda, el jefe comunal trat\u00f3 de explicar la situaci\u00f3n.<\/p>\n<p>\u201cEste municipio es oficialista, sin embargo yo no tengo esa posibilidad de tener esa l\u00ednea directa con el Presidente\u201d, relat\u00f3. \u201c\u00bfVodanovic ronca m\u00e1s fuerte que usted?\u201d, le consult\u00f3 sin anestesia Gonzalo Ram\u00edrez, aunque el alcalde sali\u00f3 jugando y asegur\u00f3 que se encuentra en tratamiento contra los ronquidos.<\/p>\n<p>Luego, recalc\u00f3 que a pesar de que es un municipio oficialista, \u00e9l es independiente y no pertenece a alg\u00fan partido pol\u00edtico, lo que podr\u00eda generar que no tenga esa \u201cl\u00ednea directa\u201d con Boric como su colega de Maip\u00fa.<\/p>\n<p>ACLARACI\u00d3N<br \/>\nTras cart\u00f3n, y luego de un buen rato, Karen Doggenweiler le volvi\u00f3 a sacar a colaci\u00f3n al tema, y le pidi\u00f3 que le enviara un mensaje al Jefe de Estado.<\/p>\n<p>Sin embargo, en ese instante Felipe Mu\u00f1oz se tom\u00f3 un minuto para realizar una inesperada solicitud en vivo, y que guardaba relaci\u00f3n con la frase que hab\u00edan destacado en pantalla en el matinal.<\/p>\n<p>\u201cLo primero que quer\u00eda pedirles es sacar inmediatamente ese GC que est\u00e1n colocando que no tengo l\u00ednea directa con el Presidente, porque yo al menos llamo a la delegada presidencial a la hora que sea y la delegada me contesta, lo mismo me pasa con el subsecretario de Prevenci\u00f3n del Delito, con el Subdere, entonces no puedo decir que no tengo l\u00ednea directa con el gobierno porque ser\u00eda estar mintiendo\u201d, aclar\u00f3.<\/p>\n<p>\u201cEfectivamente, yo no tengo el celular del Presidente de La Rep\u00fablica, sin embargo yo me siento muy acompa\u00f1ado siempre por cada una de las iniciativas que estoy presentando. Entonces yo inmediatamente les pido por favor que vayan sacando el GC porque no me representa en absoluto\u201d, complement\u00f3.<\/p>\n<p>Sin embargo, el alcalde encontr\u00f3 la r\u00e1pida respuesta de Doggenweiler. \u201cUsted pide que lo saquemos, pero yo creo que no hay que sacar porque esas fueron sus declaraciones, \u00bfse da cuenta?\u201d, le dijo de vuelta la animadora.<\/p>\n<p>\u201cYo lo entiendo tambi\u00e9n, por eso lo aclar\u00e9\u201d, cerr\u00f3 al edil antes de pasar a otros temas.<br \/>\nhttps:\/\/www.lacuarta.com\/cronica\/noticia\/vayan-sacando-el-gc-frase-sobre-boric-del-alcalde-de-estacion-central-sorprendio-a-panel-del-mucho-gusto-y-genero-cruce-en-vivo\/RQQUKOQB4RHYREHSO4U4EREQRQ\/<br \/>\nFUENTE. LA CUARTA.COM<br \/>\nMEDIO DE DIFUSION, SIN FIN DE LUCRO ALGUNO<\/p>\n","protected":false},"excerpt":{"rendered":"<p>Una llamativa situaci\u00f3n de produjo durante la ma\u00f1ana de este mi\u00e9rcoles en el Mucho Gusto, donde conversaron largo y tendido con el alcalde de Estaci\u00f3n Central, Felipe Mu\u00f1oz. En la ocasi\u00f3n, le preguntaron al edil sobre la visita del Presidente Gabriel Boric a su comuna en las \u00faltimas horas. Esto, en medio de una serie [&hellip;]<\/p>\n","protected":false},"author":51,"featured_media":0,"comment_status":"open","ping_status":"open","sticky":false,"template":"","format":"standard","meta":{"footnotes":""},"categories":[8,9,16,30,1,11],"tags":[675,138],"class_list":["post-28596","post","type-post","status-publish","format-standard","hentry","category-cultura","category-educacion","category-nacional","category-policial","category-uncategorized","category-tendencias","tag-cronica","tag-espectaculo"],"_links":{"self":[{"href":"http:\/\/www.lanuevaopcion.cl\/index.php?rest_route=\/wp\/v2\/posts\/28596","targetHints":{"allow":["GET"]}}],"collection":[{"href":"http:\/\/www.lanuevaopcion.cl\/index.php?rest_route=\/wp\/v2\/posts"}],"about":[{"href":"http:\/\/www.lanuevaopcion.cl\/index.php?rest_route=\/wp\/v2\/types\/post"}],"author":[{"embeddable":true,"href":"http:\/\/www.lanuevaopcion.cl\/index.php?rest_route=\/wp\/v2\/users\/51"}],"replies":[{"embeddable":true,"href":"http:\/\/www.lanuevaopcion.cl\/index.php?rest_route=%2Fwp%2Fv2%2Fcomments&post=28596"}],"version-history":[{"count":2,"href":"http:\/\/www.lanuevaopcion.cl\/index.php?rest_route=\/wp\/v2\/posts\/28596\/revisions"}],"predecessor-version":[{"id":28598,"href":"http:\/\/www.lanuevaopcion.cl\/index.php?rest_route=\/wp\/v2\/posts\/28596\/revisions\/28598"}],"wp:attachment":[{"href":"http:\/\/www.lanuevaopcion.cl\/index.php?rest_route=%2Fwp%2Fv2%2Fmedia&parent=28596"}],"wp:term":[{"taxonomy":"category","embeddable":true,"href":"http:\/\/www.lanuevaopcion.cl\/index.php?rest_route=%2Fwp%2Fv2%2Fcategories&post=28596"},{"taxonomy":"post_tag","embeddable":true,"href":"http:\/\/www.lanuevaopcion.cl\/index.php?rest_route=%2Fwp%2Fv2%2Ftags&post=28596"}],"curies":[{"name":"wp","href":"https:\/\/api.w.org\/{rel}","templated":true}]}}