{"id":28594,"date":"2024-03-13T08:24:54","date_gmt":"2024-03-13T08:24:54","guid":{"rendered":"http:\/\/www.lanuevaopcion.cl\/?p=28594"},"modified":"2024-03-13T08:24:54","modified_gmt":"2024-03-13T08:24:54","slug":"%e2%80%9cyo-cortaria-este-movil%e2%80%9d-julio-cesar-rodriguez-furia-por-%e2%80%9cridiculo%e2%80%9d-momento-durante-fiscalizacion","status":"publish","type":"post","link":"http:\/\/www.lanuevaopcion.cl\/?p=28594","title":{"rendered":"\u201cYo cortar\u00eda este m\u00f3vil\u201d: Julio C\u00e9sar Rodr\u00edguez furia por \u201crid\u00edculo\u201d momento durante fiscalizaci\u00f3n"},"content":{"rendered":"<p><img loading=\"lazy\" decoding=\"async\"  alt=\"\" src=\"https:\/\/www.lacuarta.com\/resizer\/t6XmDhIlEPqwHYVJ-4JYVO8QJws=\/640x360\/smart\/cloudfront-us-east-1.images.arcpublishing.com\/copesa\/BU5EWOYGCNDCHO2PT4RCKKZX7Y.jpg\" class=\"alignleft\" width=\"640\" height=\"360\" \/ class=\"alignleft\" style=\"margin-right:15px;margin-bottom:10px;float:left;\" ><br \/>\nUn particular contraste durante una fiscalizaci\u00f3n a conductores enoj\u00f3 a Julio C\u00e9sar Rodr\u00edguez y Monserrat \u00c1lvarez, en el matinal Contigo en la Ma\u00f1ana, durante un despacho en vivo desde la comuna de La Florida.<\/p>\n<p>Todo parti\u00f3 cuando personal municipal advirti\u00f3 a un mueblista que le quitar\u00edan su camioneta por tener rota la placa patente. JC y Monserrat reaccionaron indignados al considerar que no era motivo suficiente para dejar al hombre sin su herramienta de trabajo.<br \/>\n<!--more--><br \/>\nAl rato, los fiscalizadores descartaron requisarle el veh\u00edculo y le dejaron un parte. Sin embargo, la molestia aument\u00f3 cuando vieron lo ocurrido con un motociclista que hicieron parar casi al mismo tiempo.<\/p>\n<p>JC RODR\u00cdGUEZ Y MONSE \u00c1LVAREZ ENOJADOS<br \/>\nResulta que el joven circulaba en dos ruedas sin licencia de conducir. Pero, a diferencia de lo que pas\u00f3 con el trabajador, a \u00e9ste s\u00f3lo lo dejaron citado a un juzgado y lo dejaron retirarse. Para m\u00e1s remate, el imprudente entreg\u00f3 una ins\u00f3lita explicaci\u00f3n.<\/p>\n<p>\u201cEstoy en tr\u00e1mite de sacar licencia. A fin de mes doy la prueba. Primero me sali\u00f3 la moto, despu\u00e9s la licencia\u201d, dijo a la reportera en terreno.<\/p>\n<p>\u201c\u00bfY por qu\u00e9 maneja la moto antes de tener licencia? \u00bfY por qu\u00e9 no le llevan la moto?\u201d, reclamaban desde el estudio. \u201cSe supone que si no tienes licencia no puedes seguir conduciendo. Es rid\u00edculo que le saquen un parte y siga conduciendo. Es rar\u00edsimo\u201d, rega\u00f1\u00f3 Julio C\u00e9sar.<\/p>\n<p>\u201cResulta que al otro se\u00f1or, por tener una l\u00ednea en l,a patente, le quieren quitar el veh\u00edculo y dejarlo sin trabajar \u00a1y ac\u00e1 el hombre se va en la moto! \u00a1No, para la cuesti\u00f3n, poh! Yo cortar\u00eda este m\u00f3vil. Dejar\u00eda el programa hasta ac\u00e1 y pasar\u00eda una teleserie a esta hora\u201d, lanz\u00f3 el animador.<\/p>\n<p>\u201cEs s\u00faper mala se\u00f1al\u201d, advirti\u00f3 Monserrat, por su parte.<\/p>\n<p>Seg\u00fan explic\u00f3 el fiscalizador, el veh\u00edculo ten\u00eda sus papeles al d\u00eda y por eso no se requis\u00f3.<br \/>\nhttps:\/\/www.lacuarta.com\/cronica\/noticia\/yo-cortaria-este-movil-julio-cesar-rodriguez-furia-por-ridiculo-momento-durante-fiscalizacion\/VGJA5D2WNVFBHKWALHG3CWN6BA\/#<br \/>\nFUENTE. LA CUARTA.COM<br \/>\nMEDIO DE DIFUSION , SIN FIN DE LUCRO ALGUNO<\/p>\n","protected":false},"excerpt":{"rendered":"<p>Un particular contraste durante una fiscalizaci\u00f3n a conductores enoj\u00f3 a Julio C\u00e9sar Rodr\u00edguez y Monserrat \u00c1lvarez, en el matinal Contigo en la Ma\u00f1ana, durante un despacho en vivo desde la comuna de La Florida. Todo parti\u00f3 cuando personal municipal advirti\u00f3 a un mueblista que le quitar\u00edan su camioneta por tener rota la placa patente. JC [&hellip;]<\/p>\n","protected":false},"author":51,"featured_media":0,"comment_status":"open","ping_status":"open","sticky":false,"template":"","format":"standard","meta":{"footnotes":""},"categories":[9,16,30,1,11],"tags":[675,1318,45],"class_list":["post-28594","post","type-post","status-publish","format-standard","hentry","category-educacion","category-nacional","category-policial","category-uncategorized","category-tendencias","tag-cronica","tag-jcr","tag-television"],"_links":{"self":[{"href":"http:\/\/www.lanuevaopcion.cl\/index.php?rest_route=\/wp\/v2\/posts\/28594","targetHints":{"allow":["GET"]}}],"collection":[{"href":"http:\/\/www.lanuevaopcion.cl\/index.php?rest_route=\/wp\/v2\/posts"}],"about":[{"href":"http:\/\/www.lanuevaopcion.cl\/index.php?rest_route=\/wp\/v2\/types\/post"}],"author":[{"embeddable":true,"href":"http:\/\/www.lanuevaopcion.cl\/index.php?rest_route=\/wp\/v2\/users\/51"}],"replies":[{"embeddable":true,"href":"http:\/\/www.lanuevaopcion.cl\/index.php?rest_route=%2Fwp%2Fv2%2Fcomments&post=28594"}],"version-history":[{"count":1,"href":"http:\/\/www.lanuevaopcion.cl\/index.php?rest_route=\/wp\/v2\/posts\/28594\/revisions"}],"predecessor-version":[{"id":28595,"href":"http:\/\/www.lanuevaopcion.cl\/index.php?rest_route=\/wp\/v2\/posts\/28594\/revisions\/28595"}],"wp:attachment":[{"href":"http:\/\/www.lanuevaopcion.cl\/index.php?rest_route=%2Fwp%2Fv2%2Fmedia&parent=28594"}],"wp:term":[{"taxonomy":"category","embeddable":true,"href":"http:\/\/www.lanuevaopcion.cl\/index.php?rest_route=%2Fwp%2Fv2%2Fcategories&post=28594"},{"taxonomy":"post_tag","embeddable":true,"href":"http:\/\/www.lanuevaopcion.cl\/index.php?rest_route=%2Fwp%2Fv2%2Ftags&post=28594"}],"curies":[{"name":"wp","href":"https:\/\/api.w.org\/{rel}","templated":true}]}}