{"id":28592,"date":"2024-03-12T11:48:08","date_gmt":"2024-03-12T11:48:08","guid":{"rendered":"http:\/\/www.lanuevaopcion.cl\/?p=28592"},"modified":"2024-03-12T11:48:08","modified_gmt":"2024-03-12T11:48:08","slug":"revelan-drastica-decision-que-habria-tomado-el-negro-pinera-tras-la-muerte-de-su-hermano-sebastian-ya-lo-confirmo-a-sus-cercanos","status":"publish","type":"post","link":"http:\/\/www.lanuevaopcion.cl\/?p=28592","title":{"rendered":"Revelan dr\u00e1stica decisi\u00f3n que habr\u00eda tomado el Negro Pi\u00f1era tras la muerte de su hermano Sebasti\u00e1n: ya lo confirm\u00f3 a sus cercanos"},"content":{"rendered":"<p><img loading=\"lazy\" decoding=\"async\"  alt=\"\" src=\"https:\/\/www.lacuarta.com\/resizer\/oTC-qKFtRGrYiOtqjX80kSPY3FY=\/0x64:1200x739\/640x360\/cloudfront-us-east-1.images.arcpublishing.com\/copesa\/N4XOOIUVAFB7DIF6UYU2SXUOF4.jpg\" class=\"alignleft\" width=\"640\" height=\"360\" \/ class=\"alignleft\" style=\"margin-right:15px;margin-bottom:10px;float:left;\" ><br \/>\nUna dr\u00e1stica e inesperada decisi\u00f3n habr\u00eda tomado durante los \u00faltimos d\u00edas el Negro Pi\u00f1era, quien sufri\u00f3 un duro remez\u00f3n el pasado 6 de febrero tras la muerte de su hermano Sebasti\u00e1n en un accidente a\u00e9reo, en el Lago Ranco.<\/p>\n<p>Seg\u00fan informaci\u00f3n dada a conocer por La Hora, el cantante opt\u00f3 por irse de Chile para siempre. Esto, justamente impulsado por el complejo momento personal que atraviesa debido al fallecimiento del ex mandatario.<br \/>\n<!--more--><br \/>\nEn ese contexto, aseguraron que la decisi\u00f3n estar\u00eda tomada, que ya se lo habr\u00eda comunicado a sus familiares y c\u00edrculos m\u00e1s cercanos, y que su destino m\u00e1s probable ser\u00eda Estados Unidos.<\/p>\n<p>\u201cEst\u00e1n todos muy afectados\u201d, rescatan en el citado medio.<\/p>\n<p>GIRA DE DESPEDIDA<br \/>\nPero eso no es todo. Adem\u00e1s, contaron que el hombre de la boina negra se encuentra preparando una gira de despedida para decirle adi\u00f3s a su pa\u00eds natal y a sus fan\u00e1ticos y fan\u00e1ticas.<\/p>\n<p>El show tendr\u00eda por nombre El \u00faltimo gran carrete del Negro Pi\u00f1era, y se presentar\u00eda de norte a sur junto a los m\u00fasicos de Charly Garc\u00eda, con quien ya tuvo algunas colaboraciones en el pasado.<\/p>\n<p>De hecho, en esos conciertos el amigo de Miguelo tambi\u00e9n estrenar\u00e1 la canci\u00f3n que le dedicar\u00e1 a su hermano Sebasti\u00e1n, la que comenz\u00f3 a escribir pocos d\u00edas despu\u00e9s de su tr\u00e1gica partida.<\/p>\n<p>Leer m\u00e1s en La Cuarta:<br \/>\nhttps:\/\/www.lacuarta.com\/espectaculos\/noticia\/revelan-drastica-decision-que-habria-tomado-el-negro-pinera-tras-la-muerte-de-su-hermano-sebastian-ya-lo-confirmo-a-sus-cercanos\/KZI47SLJHFGFRJNTJDMEPB4PRI\/<br \/>\nFUENTE. LA CUARTA.COM<br \/>\nMEDIO DE DIFUSION, SIN FIN DE LUCRO <\/p>\n","protected":false},"excerpt":{"rendered":"<p>Una dr\u00e1stica e inesperada decisi\u00f3n habr\u00eda tomado durante los \u00faltimos d\u00edas el Negro Pi\u00f1era, quien sufri\u00f3 un duro remez\u00f3n el pasado 6 de febrero tras la muerte de su hermano Sebasti\u00e1n en un accidente a\u00e9reo, en el Lago Ranco. Seg\u00fan informaci\u00f3n dada a conocer por La Hora, el cantante opt\u00f3 por irse de Chile para [&hellip;]<\/p>\n","protected":false},"author":51,"featured_media":0,"comment_status":"open","ping_status":"open","sticky":false,"template":"","format":"standard","meta":{"footnotes":""},"categories":[8,16,1,11],"tags":[138,1317],"class_list":["post-28592","post","type-post","status-publish","format-standard","hentry","category-cultura","category-nacional","category-uncategorized","category-tendencias","tag-espectaculo","tag-negro-pinera"],"_links":{"self":[{"href":"http:\/\/www.lanuevaopcion.cl\/index.php?rest_route=\/wp\/v2\/posts\/28592","targetHints":{"allow":["GET"]}}],"collection":[{"href":"http:\/\/www.lanuevaopcion.cl\/index.php?rest_route=\/wp\/v2\/posts"}],"about":[{"href":"http:\/\/www.lanuevaopcion.cl\/index.php?rest_route=\/wp\/v2\/types\/post"}],"author":[{"embeddable":true,"href":"http:\/\/www.lanuevaopcion.cl\/index.php?rest_route=\/wp\/v2\/users\/51"}],"replies":[{"embeddable":true,"href":"http:\/\/www.lanuevaopcion.cl\/index.php?rest_route=%2Fwp%2Fv2%2Fcomments&post=28592"}],"version-history":[{"count":1,"href":"http:\/\/www.lanuevaopcion.cl\/index.php?rest_route=\/wp\/v2\/posts\/28592\/revisions"}],"predecessor-version":[{"id":28593,"href":"http:\/\/www.lanuevaopcion.cl\/index.php?rest_route=\/wp\/v2\/posts\/28592\/revisions\/28593"}],"wp:attachment":[{"href":"http:\/\/www.lanuevaopcion.cl\/index.php?rest_route=%2Fwp%2Fv2%2Fmedia&parent=28592"}],"wp:term":[{"taxonomy":"category","embeddable":true,"href":"http:\/\/www.lanuevaopcion.cl\/index.php?rest_route=%2Fwp%2Fv2%2Fcategories&post=28592"},{"taxonomy":"post_tag","embeddable":true,"href":"http:\/\/www.lanuevaopcion.cl\/index.php?rest_route=%2Fwp%2Fv2%2Ftags&post=28592"}],"curies":[{"name":"wp","href":"https:\/\/api.w.org\/{rel}","templated":true}]}}