{"id":28590,"date":"2024-03-11T10:29:00","date_gmt":"2024-03-11T10:29:00","guid":{"rendered":"http:\/\/www.lanuevaopcion.cl\/?p=28590"},"modified":"2024-03-11T10:29:00","modified_gmt":"2024-03-11T10:29:00","slug":"%e2%80%9cuna-lata-que-yo-me-haya-metido-con-ella%e2%80%9d-kike-morande-se-sincero-sobre-su-relacion-con-cecilia-bolocco","status":"publish","type":"post","link":"http:\/\/www.lanuevaopcion.cl\/?p=28590","title":{"rendered":"\u201cUna lata que yo me haya metido con ella\u201d: Kike Morand\u00e9 se sincer\u00f3 sobre su relaci\u00f3n con Cecilia Bolocco"},"content":{"rendered":"<p><img loading=\"lazy\" decoding=\"async\"  alt=\"\" src=\"https:\/\/www.lacuarta.com\/resizer\/gCvbdcyRjB4JYvCH2GwfJEp-ciU=\/640x360\/smart\/cloudfront-us-east-1.images.arcpublishing.com\/copesa\/57JDE4X5RFHB3GZQKLQ3SNZ4YQ.jpg\" class=\"alignleft\" width=\"640\" height=\"360\" \/ class=\"alignleft\" style=\"margin-right:15px;margin-bottom:10px;float:left;\" ><br \/>\nUno de los invitados al reciente cap\u00edtulo de La Divina Comida fue Kike Morand\u00e9, quien en conversaci\u00f3n con Ernesto Belloni, B\u00e1rbara Hern\u00e1ndez y \u00c1ngeles Araya record\u00f3 los a\u00f1os de su apogeo telelvisivo, cuando animaba el estelar Viva el Lunes, junto con Cecilia Bolocco y \u00c1lvaro Salas.<\/p>\n<p>Uno de los cahuines que m\u00e1s ruido hicieron en esa \u00e9poca fue el romance que el conductor tuvo con la ex Miss Universo, ya que el animador se separ\u00f3 de su se\u00f1ora para estar con Cecilia. Ahora, con el paso de los a\u00f1os, Morand\u00e9 se\u00f1ala que le hubiera gustado hacer las cosas de otra manera.<br \/>\n<!--more--><br \/>\n\u201cTe digo una cosa, una lata que yo me haya metido con ella, una pena, digamos, todo lo que pas\u00f3, pero por algo nos metimos\u201d, parti\u00f3 diciendo. \u201cCap\u00e1z que me hubiera gustado no haberme metido tanto para poder haber sido amigos, porque es muy buena persona\u201d, agreg\u00f3.<\/p>\n<p>Adem\u00e1s, el ex rostro de Mega coment\u00f3 que Bolocco \u201ces requete contra buena tipa\u201d, y asegur\u00f3 que sigue siendo amigo de \u00c1lvaro Salas. \u201cLos tres, sin conocernos, hicimos un programa incre\u00edble donde cada uno ten\u00eda su papel\u201d, record\u00f3.<\/p>\n<p>EL FIN DE VIVA EL LUNES<br \/>\nSeg\u00fan coment\u00f3 el animador, sab\u00edan que el d\u00eda en que uno de sus tres anfitriones dejara el espacio, ser\u00eda el fin del programa, y as\u00ed fue. \u201cYo siempre dec\u00eda \u2018el d\u00eda en que se vaya Cecilia, se acaba esto\u2019, y ella me dec\u00eda \u2018el d\u00eda en que te vayas t\u00fa, se acaba\u2019\u2026 Nadie supo, en realidad, qui\u00e9n era el importante\u201d, record\u00f3 Morand\u00e9.<\/p>\n<p>\u201cCreo que cuando ella se enamor\u00f3 y se iba a casar con Menem, era obvio que esto no segu\u00eda\u201d, cerr\u00f3. Pero tras el fin del programa, Kike fue a golpear la puerta de Mega, dond etras una breve reuni\u00f3n se acord\u00f3 realizar Morand\u00e9 con Compa\u00f1\u00eda.<br \/>\nhttps:\/\/www.lacuarta.com\/espectaculos\/noticia\/una-lata-que-yo-me-haya-metido-con-ella-kike-morande-se-sincero-sobre-su-relacion-con-cecilia-bolocco\/TRWQLIDEONGGJINCWRXTRVBFSA\/<br \/>\nFUENTE. LA CUARTA.COM<br \/>\nMEDIO DE DIFUSION , SIN FIN DE LUCRO ALGUNO <\/p>\n","protected":false},"excerpt":{"rendered":"<p>Uno de los invitados al reciente cap\u00edtulo de La Divina Comida fue Kike Morand\u00e9, quien en conversaci\u00f3n con Ernesto Belloni, B\u00e1rbara Hern\u00e1ndez y \u00c1ngeles Araya record\u00f3 los a\u00f1os de su apogeo telelvisivo, cuando animaba el estelar Viva el Lunes, junto con Cecilia Bolocco y \u00c1lvaro Salas. Uno de los cahuines que m\u00e1s ruido hicieron en [&hellip;]<\/p>\n","protected":false},"author":51,"featured_media":0,"comment_status":"open","ping_status":"open","sticky":false,"template":"","format":"standard","meta":{"footnotes":""},"categories":[8,9,16,11],"tags":[138,635],"class_list":["post-28590","post","type-post","status-publish","format-standard","hentry","category-cultura","category-educacion","category-nacional","category-tendencias","tag-espectaculo","tag-television-chilena"],"_links":{"self":[{"href":"http:\/\/www.lanuevaopcion.cl\/index.php?rest_route=\/wp\/v2\/posts\/28590","targetHints":{"allow":["GET"]}}],"collection":[{"href":"http:\/\/www.lanuevaopcion.cl\/index.php?rest_route=\/wp\/v2\/posts"}],"about":[{"href":"http:\/\/www.lanuevaopcion.cl\/index.php?rest_route=\/wp\/v2\/types\/post"}],"author":[{"embeddable":true,"href":"http:\/\/www.lanuevaopcion.cl\/index.php?rest_route=\/wp\/v2\/users\/51"}],"replies":[{"embeddable":true,"href":"http:\/\/www.lanuevaopcion.cl\/index.php?rest_route=%2Fwp%2Fv2%2Fcomments&post=28590"}],"version-history":[{"count":1,"href":"http:\/\/www.lanuevaopcion.cl\/index.php?rest_route=\/wp\/v2\/posts\/28590\/revisions"}],"predecessor-version":[{"id":28591,"href":"http:\/\/www.lanuevaopcion.cl\/index.php?rest_route=\/wp\/v2\/posts\/28590\/revisions\/28591"}],"wp:attachment":[{"href":"http:\/\/www.lanuevaopcion.cl\/index.php?rest_route=%2Fwp%2Fv2%2Fmedia&parent=28590"}],"wp:term":[{"taxonomy":"category","embeddable":true,"href":"http:\/\/www.lanuevaopcion.cl\/index.php?rest_route=%2Fwp%2Fv2%2Fcategories&post=28590"},{"taxonomy":"post_tag","embeddable":true,"href":"http:\/\/www.lanuevaopcion.cl\/index.php?rest_route=%2Fwp%2Fv2%2Ftags&post=28590"}],"curies":[{"name":"wp","href":"https:\/\/api.w.org\/{rel}","templated":true}]}}