{"id":28588,"date":"2024-03-08T17:35:28","date_gmt":"2024-03-08T17:35:28","guid":{"rendered":"http:\/\/www.lanuevaopcion.cl\/?p=28588"},"modified":"2024-03-08T17:35:28","modified_gmt":"2024-03-08T17:35:28","slug":"%e2%80%9ccon-razon-se-la-devolvieron%e2%80%9d-el-detalle-de-la-camioneta-robada-de-jorge-valdivia-que-saco-risas","status":"publish","type":"post","link":"http:\/\/www.lanuevaopcion.cl\/?p=28588","title":{"rendered":"\u201cCon raz\u00f3n se la devolvieron\u201d: el detalle de la camioneta robada de Jorge Valdivia que sac\u00f3 risas"},"content":{"rendered":"<p><img loading=\"lazy\" decoding=\"async\"  alt=\"\" src=\"https:\/\/www.lacuarta.com\/resizer\/7uhtVG-TK9S3i_8wtsXKI_-jHkY=\/640x360\/smart\/cloudfront-us-east-1.images.arcpublishing.com\/copesa\/MTCPK7FTKBHRVKNY7M3DCWFKKQ.jpg\" class=\"alignleft\" width=\"640\" height=\"360\" \/ class=\"alignleft\" style=\"margin-right:15px;margin-bottom:10px;float:left;\" ><br \/>\nEl exfutbolista Jorge Valdivia estacion\u00f3 su camioneta cerca de su trabajo, en la comuna de Las Condes pero, al volver, grande fue su sorpresa cuando se dio cuenta que se la hab\u00edan robado.<\/p>\n<p>Inmediatamente, utiliz\u00f3 sus redes sociales para pedirle ayuda a sus seguidores: \u201cMe robaron mi camioneta Ford negra patente KWSG14 en Las Condes, hace 20 min\u201d. En paralelo, se contact\u00f3 con Carabineros, quienes se pusieron a investigar el delito y lograron acceder a c\u00e1maras de seguridad.<br \/>\n<!--more--><br \/>\nLas autoridades encontraron el veh\u00edculo esta ma\u00f1ana, y la curiosidad de los internautas destap\u00f3 un detalle no menor: la camioneta del Mago Valdivia est\u00e1 rebosada en multas de tr\u00e1nsito.<\/p>\n<p>\u201cCon raz\u00f3n se la devolvieron\u201d: el detalle de la camioneta robada de Jorge Valdivia que sac\u00f3 risas<br \/>\n\u201cCon raz\u00f3n se la devolvieron\u201d: el detalle de la camioneta robada de Jorge Valdivia que sac\u00f3 risas<br \/>\nLAS MULTAS DE LA CAMIONETA ROBADA DE JORGE VALDIVIA<br \/>\nSeg\u00fan la herramienta de consulta de multas de tr\u00e1nsito no pagadas del Ministerio de Justicia, el veh\u00edculo del exfutbolista Jorge Valdivia \u2014que fue robado y devuelto a las pocas horas\u2014 registra un total de 54 multas.<\/p>\n<p>La mayor\u00eda datan del a\u00f1o 2019, en los Juzgados de Polic\u00eda Local de las comunas de Vitacura, Santiago, Providencia y Quilicura. Adem\u00e1s, se le sumaron otras cuantas en el a\u00f1o 2023.<\/p>\n<p>\u201cCon raz\u00f3n se la devolvieron\u201d, brome\u00f3 una usuaria en X (antes Twitter), despu\u00e9s de haber investigado por s\u00ed misma las deudas que tiene el jugador de la selecci\u00f3n.<\/p>\n<p>Cabe resaltar que las multas de tr\u00e1nsito se entregan al cometer una infracci\u00f3n (cuando el infractor no est\u00e1 presente o el veh\u00edculo est\u00e1 en movimiento) y se le env\u00eda al denunciado una carta certificada a su domicilio. Si es que no atiende al Juzgado de Polic\u00eda Local, se le impone una multa que queda impaga.<\/p>\n<p>Adem\u00e1s, uno de los requisitos para obtener el permiso de circulaci\u00f3n 2024 es que los veh\u00edculos cuenten con multas de tr\u00e1nsito impagas al 30 de noviembre de 2023.<br \/>\nhttps:\/\/www.lacuarta.com\/cronica\/noticia\/con-razon-se-la-devolvieron-el-detalle-de-la-camioneta-robada-de-jorge-valdivia-que-saco-risas\/MHHDZZHDM5AWNF4HHNUBZWGHO4\/<br \/>\nFUENTE. LA CUARTA.COM<br \/>\nMEDIO DE DIFUSION, SIN FIN DE LUCRO ALGUNO<\/p>\n","protected":false},"excerpt":{"rendered":"<p>El exfutbolista Jorge Valdivia estacion\u00f3 su camioneta cerca de su trabajo, en la comuna de Las Condes pero, al volver, grande fue su sorpresa cuando se dio cuenta que se la hab\u00edan robado. Inmediatamente, utiliz\u00f3 sus redes sociales para pedirle ayuda a sus seguidores: \u201cMe robaron mi camioneta Ford negra patente KWSG14 en Las Condes, [&hellip;]<\/p>\n","protected":false},"author":51,"featured_media":0,"comment_status":"open","ping_status":"open","sticky":false,"template":"","format":"standard","meta":{"footnotes":""},"categories":[16,30,11],"tags":[1149,266],"class_list":["post-28588","post","type-post","status-publish","format-standard","hentry","category-nacional","category-policial","category-tendencias","tag-jorge-valdivia","tag-robo"],"_links":{"self":[{"href":"http:\/\/www.lanuevaopcion.cl\/index.php?rest_route=\/wp\/v2\/posts\/28588","targetHints":{"allow":["GET"]}}],"collection":[{"href":"http:\/\/www.lanuevaopcion.cl\/index.php?rest_route=\/wp\/v2\/posts"}],"about":[{"href":"http:\/\/www.lanuevaopcion.cl\/index.php?rest_route=\/wp\/v2\/types\/post"}],"author":[{"embeddable":true,"href":"http:\/\/www.lanuevaopcion.cl\/index.php?rest_route=\/wp\/v2\/users\/51"}],"replies":[{"embeddable":true,"href":"http:\/\/www.lanuevaopcion.cl\/index.php?rest_route=%2Fwp%2Fv2%2Fcomments&post=28588"}],"version-history":[{"count":1,"href":"http:\/\/www.lanuevaopcion.cl\/index.php?rest_route=\/wp\/v2\/posts\/28588\/revisions"}],"predecessor-version":[{"id":28589,"href":"http:\/\/www.lanuevaopcion.cl\/index.php?rest_route=\/wp\/v2\/posts\/28588\/revisions\/28589"}],"wp:attachment":[{"href":"http:\/\/www.lanuevaopcion.cl\/index.php?rest_route=%2Fwp%2Fv2%2Fmedia&parent=28588"}],"wp:term":[{"taxonomy":"category","embeddable":true,"href":"http:\/\/www.lanuevaopcion.cl\/index.php?rest_route=%2Fwp%2Fv2%2Fcategories&post=28588"},{"taxonomy":"post_tag","embeddable":true,"href":"http:\/\/www.lanuevaopcion.cl\/index.php?rest_route=%2Fwp%2Fv2%2Ftags&post=28588"}],"curies":[{"name":"wp","href":"https:\/\/api.w.org\/{rel}","templated":true}]}}