{"id":28586,"date":"2024-03-07T10:36:30","date_gmt":"2024-03-07T10:36:30","guid":{"rendered":"http:\/\/www.lanuevaopcion.cl\/?p=28586"},"modified":"2024-03-07T10:36:30","modified_gmt":"2024-03-07T10:36:30","slug":"%e2%80%9c%c2%bfcomo-nadie-los-paro%e2%80%9d-avalancha-de-criticas-a-metro-de-santiago-por-particular-campana-previa-al-8m","status":"publish","type":"post","link":"http:\/\/www.lanuevaopcion.cl\/?p=28586","title":{"rendered":"\u201c\u00bfC\u00f3mo nadie los par\u00f3?\u201d: Avalancha de cr\u00edticas a Metro de Santiago por particular campa\u00f1a previa al 8M"},"content":{"rendered":"<p><img loading=\"lazy\" decoding=\"async\"  alt=\"\" src=\"https:\/\/www.lacuarta.com\/resizer\/-Scyce-J8XsDwDPGpeTnBySlvqc=\/640x360\/smart\/cloudfront-us-east-1.images.arcpublishing.com\/copesa\/P4BYKBOZSZAQXOF3AVGEPQKJBQ.jpg\" class=\"alignleft\" width=\"640\" height=\"360\" \/ class=\"alignleft\" style=\"margin-right:15px;margin-bottom:10px;float:left;\" ><br \/>\nNo result\u00f3 como esperaban. Una lluvia de cr\u00edticas se llev\u00f3 Metro de Santiago por la llamativa campa\u00f1a publicitaria que aventur\u00f3 en la previa del D\u00eda Internacional de la Mujer.<\/p>\n<p>Junto con cambiar su logo al color morado, Metro sum\u00f3 dos im\u00e1genes, la de un vientre y la de una entrepierna femenina. Sobre ellas escribieron la consigna: \u201cLas medidas que importan\u201d.<br \/>\n<!--more--><br \/>\nLas gr\u00e1ficas se publicaron en las distintas redes sociales, y la idea era transmitir un mensaje sobre la flexibilidad que otorga la compa\u00f1\u00eda a sus trabajadoras, con el fin de \u201cfacilitar la armon\u00eda entre la vida familiar y laboral\u201d.<\/p>\n<p>La comentada campa\u00f1a de Metro en la previa del 8M.<br \/>\nLa comentada campa\u00f1a de Metro en la previa del 8M.<br \/>\nLAPIDAN A METRO POR ALUDIR AL CUERPO DE LAS MUJERES<br \/>\nSin embargo, la idea no tuvo buena recepci\u00f3n en la web, principalmente por mostrar y hacer alusi\u00f3n al cuerpo femenino. \u201c\u00bfC\u00f3mo se les ocurre una campa\u00f1a as\u00ed?\u201d; \u201c\u00bfQui\u00e9n aprob\u00f3 esta campa\u00f1a pa\u2019 pegarle un wate?\u201d; \u201cQu\u00e9 desubicada m\u00e1s grande\u201d, fueron algunos de los comentarios vistos en X.<\/p>\n<p>La ONG feminista Amaranta tambi\u00e9n le par\u00f3 los carros a Metro: \u201cSi buscas lograr una campa\u00f1a que impacte y aborde conciliaci\u00f3n entre vida laboral y familiar (en v\u00edsperas #8M), es importante que dejes de aludir al cuerpo de las mujeres. Adem\u00e1s, el mensaje ni siquiera utiliza lenguaje inclusivo que les convoque\u201d.<\/p>\n<p>Entre las tantas reacciones, una usuaria de nombre Cata, descarg\u00f3: \u201c\u00bfDe verdad creyeron que esto era un aporte? (&#8230;) \u00bfPor qu\u00e9 tiene que ser el cuerpo de la mujer objeto de opini\u00f3n y hacer una comparaci\u00f3n fuera de lugar?\u201d.<br \/>\nFUENTE . LA CUARTA.COM<br \/>\nMEDIO DE DIFUSION , SIN FIN DE LUCRO ALGUNO <\/p>\n","protected":false},"excerpt":{"rendered":"<p>No result\u00f3 como esperaban. Una lluvia de cr\u00edticas se llev\u00f3 Metro de Santiago por la llamativa campa\u00f1a publicitaria que aventur\u00f3 en la previa del D\u00eda Internacional de la Mujer. Junto con cambiar su logo al color morado, Metro sum\u00f3 dos im\u00e1genes, la de un vientre y la de una entrepierna femenina. Sobre ellas escribieron la [&hellip;]<\/p>\n","protected":false},"author":51,"featured_media":0,"comment_status":"open","ping_status":"open","sticky":false,"template":"","format":"standard","meta":{"footnotes":""},"categories":[8,5,16,11],"tags":[1316,104,1315],"class_list":["post-28586","post","type-post","status-publish","format-standard","hentry","category-cultura","category-internacional","category-nacional","category-tendencias","tag-8m","tag-metro","tag-ponitica"],"_links":{"self":[{"href":"http:\/\/www.lanuevaopcion.cl\/index.php?rest_route=\/wp\/v2\/posts\/28586","targetHints":{"allow":["GET"]}}],"collection":[{"href":"http:\/\/www.lanuevaopcion.cl\/index.php?rest_route=\/wp\/v2\/posts"}],"about":[{"href":"http:\/\/www.lanuevaopcion.cl\/index.php?rest_route=\/wp\/v2\/types\/post"}],"author":[{"embeddable":true,"href":"http:\/\/www.lanuevaopcion.cl\/index.php?rest_route=\/wp\/v2\/users\/51"}],"replies":[{"embeddable":true,"href":"http:\/\/www.lanuevaopcion.cl\/index.php?rest_route=%2Fwp%2Fv2%2Fcomments&post=28586"}],"version-history":[{"count":1,"href":"http:\/\/www.lanuevaopcion.cl\/index.php?rest_route=\/wp\/v2\/posts\/28586\/revisions"}],"predecessor-version":[{"id":28587,"href":"http:\/\/www.lanuevaopcion.cl\/index.php?rest_route=\/wp\/v2\/posts\/28586\/revisions\/28587"}],"wp:attachment":[{"href":"http:\/\/www.lanuevaopcion.cl\/index.php?rest_route=%2Fwp%2Fv2%2Fmedia&parent=28586"}],"wp:term":[{"taxonomy":"category","embeddable":true,"href":"http:\/\/www.lanuevaopcion.cl\/index.php?rest_route=%2Fwp%2Fv2%2Fcategories&post=28586"},{"taxonomy":"post_tag","embeddable":true,"href":"http:\/\/www.lanuevaopcion.cl\/index.php?rest_route=%2Fwp%2Fv2%2Ftags&post=28586"}],"curies":[{"name":"wp","href":"https:\/\/api.w.org\/{rel}","templated":true}]}}