{"id":28579,"date":"2024-03-04T09:51:07","date_gmt":"2024-03-04T09:51:07","guid":{"rendered":"http:\/\/www.lanuevaopcion.cl\/?p=28579"},"modified":"2024-03-04T09:51:13","modified_gmt":"2024-03-04T09:51:13","slug":"%e2%80%9clo-voy-a-echar-mucho-de-menos%e2%80%9d-fallece-el-papa-de-willy-sabor-carlos-gonzalez-a-los-85-anos","status":"publish","type":"post","link":"http:\/\/www.lanuevaopcion.cl\/?p=28579","title":{"rendered":"\u201cLo voy a echar mucho de menos\u201d: fallece el pap\u00e1 de Willy Sabor, Carlos G\u00f3nzalez a los 85 a\u00f1os"},"content":{"rendered":"<p><img loading=\"lazy\" decoding=\"async\"  alt=\"\" src=\"https:\/\/www.lacuarta.com\/resizer\/IAnhIqKwIH9KAH6RrGE1lGcPyQo=\/640x360\/smart\/cloudfront-us-east-1.images.arcpublishing.com\/copesa\/BMF3MHM36JE5FMWTO6R7AWHAQQ.jpg\" class=\"alignleft\" width=\"640\" height=\"360\" \/ class=\"alignleft\" style=\"margin-right:15px;margin-bottom:10px;float:left;\" ><br \/>\nHoy es un domingo triste para la familia y cercanos de Willy Sabor. El pap\u00e1 del reconocido conductor, Carlos G\u00f3nzalez, falleci\u00f3 durante esta jornada. El hombre de 85 a\u00f1os fue un destacado productor musical y trabaj\u00f3 en importantes sellos discogr\u00e1ficos de la historia de nuestro pa\u00eds como Sony Music, BMG.<\/p>\n<p>Fue el propio locutor radial quien se encarg\u00f3 de compartir la noticia. A trav\u00e9s de sus redes sociales, Willy public\u00f3 un emotivo p\u00e1rrafo despidiendo a su padre e informando a sus seguidores y amigos.<br \/>\n<!--more--><br \/>\nHace un par de a\u00f1os el rostro televisivo se\u00f1al\u00f3 en una entrevista que su pap\u00e1 sufr\u00eda de demencia vascular, padecimiento que lo acompa\u00f1\u00f3 en sus \u00faltimos d\u00edas de vida, por lo que en su descanso hay algo de consuelo.<\/p>\n<p>\u201cHola, quiero contarles con el dolor de mi coraz\u00f3n la partida de mi querido Pap\u00e1, \u00e9l fue un padre presente, protector, creativo y pelus\u00f3n. Toda una vida juntos. Lo voy a echar mucho de menos, es duro pero al final siento tranquilidad y felicidad de haberlo tenido como mi m\u00e1ximo protector. Te amar\u00e9 por siempre y nos vemos m\u00e1s adelante\u201d, parti\u00f3 se\u00f1alando.<\/p>\n<p>Adem\u00e1s, dej\u00f3 una invitaci\u00f3n para sus cercanos que quieran acompa\u00f1arlo en estos momentos tan dif\u00edciles.<\/p>\n<p>\u201cLo estamos velando en su querido barrio de el Llano de Gran Avenida. En la parroquia del ex Colegio Claretiano en Gran Avenida 4150 en San Miguel. Hay misa a las 19:00 y estaremos hasta las 21:00. No esta el animo para asado pero algo hay, Ejale\u201d, cerr\u00f3.<br \/>\nhttps:\/\/www.lacuarta.com\/espectaculos\/noticia\/lo-voy-a-echar-mucho-de-menos-fallece-el-papa-de-willy-sabor-carlos-gonzalez-a-los-85-anos\/QCFT5HUDEZHCHI5FEF254YJTVQ\/<br \/>\nFUENTE. LA CUARTA.COM<br \/>\nMEDIO DE DIFUSION, SIN FIN DE LUCRO <\/p>\n","protected":false},"excerpt":{"rendered":"<p>Hoy es un domingo triste para la familia y cercanos de Willy Sabor. El pap\u00e1 del reconocido conductor, Carlos G\u00f3nzalez, falleci\u00f3 durante esta jornada. El hombre de 85 a\u00f1os fue un destacado productor musical y trabaj\u00f3 en importantes sellos discogr\u00e1ficos de la historia de nuestro pa\u00eds como Sony Music, BMG. Fue el propio locutor radial [&hellip;]<\/p>\n","protected":false},"author":51,"featured_media":0,"comment_status":"open","ping_status":"open","sticky":false,"template":"","format":"standard","meta":{"footnotes":""},"categories":[9,16,11],"tags":[566,1313],"class_list":["post-28579","post","type-post","status-publish","format-standard","hentry","category-educacion","category-nacional","category-tendencias","tag-qepd","tag-willy-sabor"],"_links":{"self":[{"href":"http:\/\/www.lanuevaopcion.cl\/index.php?rest_route=\/wp\/v2\/posts\/28579","targetHints":{"allow":["GET"]}}],"collection":[{"href":"http:\/\/www.lanuevaopcion.cl\/index.php?rest_route=\/wp\/v2\/posts"}],"about":[{"href":"http:\/\/www.lanuevaopcion.cl\/index.php?rest_route=\/wp\/v2\/types\/post"}],"author":[{"embeddable":true,"href":"http:\/\/www.lanuevaopcion.cl\/index.php?rest_route=\/wp\/v2\/users\/51"}],"replies":[{"embeddable":true,"href":"http:\/\/www.lanuevaopcion.cl\/index.php?rest_route=%2Fwp%2Fv2%2Fcomments&post=28579"}],"version-history":[{"count":2,"href":"http:\/\/www.lanuevaopcion.cl\/index.php?rest_route=\/wp\/v2\/posts\/28579\/revisions"}],"predecessor-version":[{"id":28581,"href":"http:\/\/www.lanuevaopcion.cl\/index.php?rest_route=\/wp\/v2\/posts\/28579\/revisions\/28581"}],"wp:attachment":[{"href":"http:\/\/www.lanuevaopcion.cl\/index.php?rest_route=%2Fwp%2Fv2%2Fmedia&parent=28579"}],"wp:term":[{"taxonomy":"category","embeddable":true,"href":"http:\/\/www.lanuevaopcion.cl\/index.php?rest_route=%2Fwp%2Fv2%2Fcategories&post=28579"},{"taxonomy":"post_tag","embeddable":true,"href":"http:\/\/www.lanuevaopcion.cl\/index.php?rest_route=%2Fwp%2Fv2%2Ftags&post=28579"}],"curies":[{"name":"wp","href":"https:\/\/api.w.org\/{rel}","templated":true}]}}