{"id":28570,"date":"2024-02-26T07:40:50","date_gmt":"2024-02-26T07:40:50","guid":{"rendered":"http:\/\/www.lanuevaopcion.cl\/?p=28570"},"modified":"2024-02-26T07:40:50","modified_gmt":"2024-02-26T07:40:50","slug":"%e2%80%9cno-se-si-es-pancho-saavedra-o-rodolfo-carter%e2%80%9d-los-memes-y-comentarios-por-el-look-del-animador-de-vina-2024","status":"publish","type":"post","link":"http:\/\/www.lanuevaopcion.cl\/?p=28570","title":{"rendered":"\u201cNo s\u00e9 si es Pancho Saavedra o Rodolfo Carter\u201d: Los memes y comentarios por el look del animador de Vi\u00f1a 2024"},"content":{"rendered":"<p><img loading=\"lazy\" decoding=\"async\"  alt=\"\" src=\"https:\/\/www.lacuarta.com\/resizer\/VrFUW_88y3OsMuENVLnn4xfM34g=\/0x66:1200x741\/640x360\/cloudfront-us-east-1.images.arcpublishing.com\/copesa\/GVI3QQIM2BBXVIYLFUMINOV5PA.jpg\" class=\"alignleft\" width=\"640\" height=\"360\" \/ class=\"alignleft\" style=\"margin-right:15px;margin-bottom:10px;float:left;\" ><br \/>\nTal como ocurre durante el Festival de Vi\u00f1a, no son pocos los que se pegan a la pantalla para no perderse detalles de lo que ocurre en cada una de las jornadas en la Quinta Vergara.<\/p>\n<p>Y en ese contexto, una de las situaciones que no dej\u00f3 a nadie indiferente fue el debut de Pancho Saavedra, quien tom\u00f3 el lugar de Mart\u00edn C\u00e1rcamo y acompa\u00f1\u00f3 en la conducci\u00f3n a Mar\u00eda Luisa Godoy.<\/p>\n<p>Por lo mismo, varios se tomaron la atribuci\u00f3n de analizar al rostro de Canal 13, quien recibi\u00f3 una masiva ovaci\u00f3n por parte del Monstruo presente.<br \/>\n<!--more--><br \/>\nOLA DE REACCIONES<br \/>\nY como suele ocurrir en estos casos, los comentarios de los cibernautas se dividieron.<\/p>\n<p>As\u00ed nom\u00e1s, pues mientras algunos aplaudieron el cometido del animador, los odiosos de siempre no dejaron pasar la oportunidad para lanzar sus hate.<\/p>\n<p>De hecho, m\u00e1s all\u00e1 de c\u00f3mo lo hizo en sus labores de animaci\u00f3n, varios bromearon y apuntaron a su apariencia, tanto as\u00ed que el maquillaje en su rostro fue el foco de varios comentarios.<\/p>\n<p>Incluso, varios se acordaron de Rodolfo Carter y quedaron marcando ocupado por el supuesto parecido entre ambos.<br \/>\nhttps:\/\/www.lacuarta.com\/espectaculos\/noticia\/no-se-si-es-pancho-saavedra-o-rodolfo-carter-los-memes-y-comentarios-por-el-look-del-animador-de-vina-2024\/BAFTRK4O7RBFZDNCIVKE2CAEJM\/<br \/>\nFUENTE. LA CUARTA.COM<br \/>\nMEDIO DE DIFUSION , SIN FIN DE LUCRO ALGUNO <\/p>\n","protected":false},"excerpt":{"rendered":"<p>Tal como ocurre durante el Festival de Vi\u00f1a, no son pocos los que se pegan a la pantalla para no perderse detalles de lo que ocurre en cada una de las jornadas en la Quinta Vergara. Y en ese contexto, una de las situaciones que no dej\u00f3 a nadie indiferente fue el debut de Pancho [&hellip;]<\/p>\n","protected":false},"author":51,"featured_media":0,"comment_status":"open","ping_status":"open","sticky":false,"template":"","format":"standard","meta":{"footnotes":""},"categories":[8,4,5,16,11],"tags":[138,1636],"class_list":["post-28570","post","type-post","status-publish","format-standard","hentry","category-cultura","category-economia","category-internacional","category-nacional","category-tendencias","tag-espectaculo","tag-festival-de-vina"],"_links":{"self":[{"href":"http:\/\/www.lanuevaopcion.cl\/index.php?rest_route=\/wp\/v2\/posts\/28570","targetHints":{"allow":["GET"]}}],"collection":[{"href":"http:\/\/www.lanuevaopcion.cl\/index.php?rest_route=\/wp\/v2\/posts"}],"about":[{"href":"http:\/\/www.lanuevaopcion.cl\/index.php?rest_route=\/wp\/v2\/types\/post"}],"author":[{"embeddable":true,"href":"http:\/\/www.lanuevaopcion.cl\/index.php?rest_route=\/wp\/v2\/users\/51"}],"replies":[{"embeddable":true,"href":"http:\/\/www.lanuevaopcion.cl\/index.php?rest_route=%2Fwp%2Fv2%2Fcomments&post=28570"}],"version-history":[{"count":1,"href":"http:\/\/www.lanuevaopcion.cl\/index.php?rest_route=\/wp\/v2\/posts\/28570\/revisions"}],"predecessor-version":[{"id":28571,"href":"http:\/\/www.lanuevaopcion.cl\/index.php?rest_route=\/wp\/v2\/posts\/28570\/revisions\/28571"}],"wp:attachment":[{"href":"http:\/\/www.lanuevaopcion.cl\/index.php?rest_route=%2Fwp%2Fv2%2Fmedia&parent=28570"}],"wp:term":[{"taxonomy":"category","embeddable":true,"href":"http:\/\/www.lanuevaopcion.cl\/index.php?rest_route=%2Fwp%2Fv2%2Fcategories&post=28570"},{"taxonomy":"post_tag","embeddable":true,"href":"http:\/\/www.lanuevaopcion.cl\/index.php?rest_route=%2Fwp%2Fv2%2Ftags&post=28570"}],"curies":[{"name":"wp","href":"https:\/\/api.w.org\/{rel}","templated":true}]}}