{"id":28514,"date":"2024-01-19T07:15:41","date_gmt":"2024-01-19T07:15:41","guid":{"rendered":"http:\/\/www.lanuevaopcion.cl\/?p=28514"},"modified":"2024-01-19T07:15:41","modified_gmt":"2024-01-19T07:15:41","slug":"fiscalia-entrega-nueva-teoria-sobre-el-deceso-de-anahi-espindola-%e2%80%9cuna-muerte-accidental-es-una-de-las-posibilidades%e2%80%9d","status":"publish","type":"post","link":"http:\/\/www.lanuevaopcion.cl\/?p=28514","title":{"rendered":"Fiscal\u00eda entrega nueva teor\u00eda sobre el deceso de Anah\u00ed Esp\u00edndola: \u201cUna muerte accidental es una de las posibilidades\u201d"},"content":{"rendered":"<p><img loading=\"lazy\" decoding=\"async\"  alt=\"\" src=\"https:\/\/www.lacuarta.com\/resizer\/dG06h38tSrWqC4id4MSJiD7rwG8=\/640x360\/smart\/cloudfront-us-east-1.images.arcpublishing.com\/copesa\/IXYD3NGCFBHT3HJRU6D4NAQEOU.jpg\" class=\"alignleft\" width=\"640\" height=\"360\" \/ class=\"alignleft\" style=\"margin-right:15px;margin-bottom:10px;float:left;\" ><br \/>\nDurante la jornada de este jueves, la Fiscal\u00eda Regional de Valpara\u00edso confirm\u00f3 que hasta el momento no se ha encontrado antecedentes que permitan establecer la participaci\u00f3n de terceras personas en la muerte de la joven, Anah\u00ed Esp\u00edndola.<\/p>\n<p>Seg\u00fan la informaci\u00f3n que fue entregada por Radio Bio B\u00edo, el Ministerio P\u00fablico se\u00f1al\u00f3 que la tesis de un deceso accidental es una \u201cposibilidad real\u201d.<br \/>\n<!--more--><br \/>\nLa causa de muerte de Anah\u00ed todav\u00eda es un enigma. Ha pasado una semana desde que el cuerpo de la joven fue hallado en el sector de roquer\u00edos de Avenida Per\u00fa, en Vi\u00f1a del Mar y despu\u00e9s de cuatro d\u00edas se confirm\u00f3 la identidad de la persona fallecida.<\/p>\n<p>La fiscal jefa de la ciudad Jard\u00edn, Vivian Qui\u00f1ones, se\u00f1al\u00f3 que fueron necesarios peritajes de la PDI y el Servicio M\u00e9dico Legal.<\/p>\n<p>LA NUEVA TEOR\u00cdA SOBRE LA MUERTE DE ANAH\u00cd ESP\u00cdNDOLA<br \/>\nHasta el momento, el Ministerio P\u00fablico no ha emitido ninguna declaraci\u00f3n sobre las circunstancias en torno a la muerte de Anah\u00ed.<\/p>\n<p>Mientras que la fiscal regional de Valpara\u00edso, Claudia Perivancich confirm\u00f3 que a\u00fan no se cuentan con antecedentes que permitan establecer la participaci\u00f3n de terceras personas, incluso se\u00f1al\u00f3 que podr\u00eda ser una muerte accidental.<\/p>\n<p>\u201cNosotros en la investigaci\u00f3n no tenemos ning\u00fan antecedente que hoy d\u00eda nos pudiera hacer pensar que ha habido intervenci\u00f3n de terceros, por lo tanto, una muerte accidental es una de las posibilidades reales que se est\u00e1 barajando\u201d, coment\u00f3.<\/p>\n<p>Los peritajes faltantes ser\u00e1n remitidos por un informe que es elaborado por el Servicio M\u00e9dico Legal, los que tienen relaci\u00f3n con los ex\u00e1menes tanatol\u00f3gicos, as\u00ed indic\u00f3 Marisol Prado, la directora nacional.<br \/>\nhttps:\/\/www.lacuarta.com\/cronica\/noticia\/fiscalia-entrega-nueva-teoria-sobre-el-deceso-de-anahi-espindola-una-muerte-accidental-es-una-de-las-posibilidades\/5KTSAIJVHBGPTLOL42EVVL2M5Q\/<br \/>\nFUENTE. LA CUARTA.COM<br \/>\nMEDIO DE DIFUSION , SIN FIN DE LUCRO ALGUNO <\/p>\n","protected":false},"excerpt":{"rendered":"<p>Durante la jornada de este jueves, la Fiscal\u00eda Regional de Valpara\u00edso confirm\u00f3 que hasta el momento no se ha encontrado antecedentes que permitan establecer la participaci\u00f3n de terceras personas en la muerte de la joven, Anah\u00ed Esp\u00edndola. Seg\u00fan la informaci\u00f3n que fue entregada por Radio Bio B\u00edo, el Ministerio P\u00fablico se\u00f1al\u00f3 que la tesis de [&hellip;]<\/p>\n","protected":false},"author":51,"featured_media":0,"comment_status":"open","ping_status":"open","sticky":false,"template":"","format":"standard","meta":{"footnotes":""},"categories":[9,5,16,30,31,11],"tags":[708,315,197],"class_list":["post-28514","post","type-post","status-publish","format-standard","hentry","category-educacion","category-internacional","category-nacional","category-policial","category-salud","category-tendencias","tag-cronicas","tag-fiscalia","tag-valparaiso"],"_links":{"self":[{"href":"http:\/\/www.lanuevaopcion.cl\/index.php?rest_route=\/wp\/v2\/posts\/28514","targetHints":{"allow":["GET"]}}],"collection":[{"href":"http:\/\/www.lanuevaopcion.cl\/index.php?rest_route=\/wp\/v2\/posts"}],"about":[{"href":"http:\/\/www.lanuevaopcion.cl\/index.php?rest_route=\/wp\/v2\/types\/post"}],"author":[{"embeddable":true,"href":"http:\/\/www.lanuevaopcion.cl\/index.php?rest_route=\/wp\/v2\/users\/51"}],"replies":[{"embeddable":true,"href":"http:\/\/www.lanuevaopcion.cl\/index.php?rest_route=%2Fwp%2Fv2%2Fcomments&post=28514"}],"version-history":[{"count":1,"href":"http:\/\/www.lanuevaopcion.cl\/index.php?rest_route=\/wp\/v2\/posts\/28514\/revisions"}],"predecessor-version":[{"id":28515,"href":"http:\/\/www.lanuevaopcion.cl\/index.php?rest_route=\/wp\/v2\/posts\/28514\/revisions\/28515"}],"wp:attachment":[{"href":"http:\/\/www.lanuevaopcion.cl\/index.php?rest_route=%2Fwp%2Fv2%2Fmedia&parent=28514"}],"wp:term":[{"taxonomy":"category","embeddable":true,"href":"http:\/\/www.lanuevaopcion.cl\/index.php?rest_route=%2Fwp%2Fv2%2Fcategories&post=28514"},{"taxonomy":"post_tag","embeddable":true,"href":"http:\/\/www.lanuevaopcion.cl\/index.php?rest_route=%2Fwp%2Fv2%2Ftags&post=28514"}],"curies":[{"name":"wp","href":"https:\/\/api.w.org\/{rel}","templated":true}]}}