{"id":28510,"date":"2024-01-16T11:00:57","date_gmt":"2024-01-16T11:00:57","guid":{"rendered":"http:\/\/www.lanuevaopcion.cl\/?p=28510"},"modified":"2024-01-16T11:00:57","modified_gmt":"2024-01-16T11:00:57","slug":"anuncian-primera-%e2%80%9cola-de-calor-extremo%e2%80%9d-del-ano-revisa-su-duracion-y-temperatura-maxima-en-la-rm","status":"publish","type":"post","link":"http:\/\/www.lanuevaopcion.cl\/?p=28510","title":{"rendered":"Anuncian primera \u201cola de calor extremo\u201d del a\u00f1o: revisa su duraci\u00f3n y temperatura m\u00e1xima en la RM"},"content":{"rendered":"<p><img loading=\"lazy\" decoding=\"async\"  alt=\"\" src=\"https:\/\/www.lacuarta.com\/resizer\/zTYfOvIhWPQEAw80qOPU61DgIOU=\/45x0:1556x850\/640x360\/cloudfront-us-east-1.images.arcpublishing.com\/copesa\/ETQ5LWNKW5CGPPOBC5XG7NIIXM.jpg\" class=\"alignleft\" width=\"640\" height=\"360\" \/ class=\"alignleft\" style=\"margin-right:15px;margin-bottom:10px;float:left;\" ><br \/>\nUn importante aumento en las temperaturas se registrar\u00eda durante los pr\u00f3ximos d\u00edas en gran parte del pa\u00eds, principalmente en la zona central.<\/p>\n<p>De acuerdo a los pronosticado por la Direcci\u00f3n Meteorol\u00f3gica de Chile, los patos asados comenzar\u00e1n a caer desde este martes hasta 16 de enero hasta el domingo 21. Siempre en ascenso, alcanzado m\u00e1ximas de 36\u00b0 en la Regi\u00f3n Metropolitana.<br \/>\n<!--more--><br \/>\nDe acuerdo al organismo, las temperaturas ser\u00e1n las siguientes:<\/p>\n<p>En la Regi\u00f3n de Coquimbo, variar\u00e1n entre los 28 y los 34 \u00ba.<br \/>\nLa Regi\u00f3n de Valpara\u00edso presentar\u00e1 m\u00e1ximas entre los 28 y 36 \u00baC.<br \/>\nEn la Regi\u00f3n Metropolitana, los term\u00f3metros marcar\u00e1n entre 30 y 36 grados.<br \/>\nO\u2019Higgins se anotar\u00e1 entre 28 a 35 \u00baC en las tardes.<br \/>\nEl Maule espera de 21 a 27 en la costa y de 29 a 34 grados en el interior.<br \/>\nLa Regi\u00f3n del \u00d1uble tendr\u00e1 m\u00e1ximas de entre 30 a 34 grados.<br \/>\nLa Regi\u00f3n del Biob\u00edo espera entre 28 a 33 \u00baC de m\u00e1ximas en los pr\u00f3ximos d\u00edas.<br \/>\nDe acuerdo a Meteored, una posible ola de calor \u201cdepender\u00e1 de cada localidad (&#8230;) no hay una relaci\u00f3n directa si esa localidad est\u00e1 m\u00e1s al norte o m\u00e1s al sur en el pa\u00eds. Depender\u00e1, m\u00e1s bien, de las caracter\u00edsticas locales del entorno y de c\u00f3mo el viento circula en la zona\u201d.<\/p>\n<p>EL PRON\u00d3STICO PARA SANTIAGO<br \/>\nhttps:\/\/www.lacuarta.com\/cronica\/noticia\/anuncian-primera-ola-de-calor-extremo-del-ano-revisa-su-duracion-y-temperatura-maxima-en-la-rm\/4JUVGERHSJHZTJKN7UOUP6KGHY\/<br \/>\nFUENTE. LA CUARTA.COM<br \/>\nMEDIO DE DIFUSION, SIN FIN DE LUCRO ALGUNO <\/p>\n","protected":false},"excerpt":{"rendered":"<p>Un importante aumento en las temperaturas se registrar\u00eda durante los pr\u00f3ximos d\u00edas en gran parte del pa\u00eds, principalmente en la zona central. De acuerdo a los pronosticado por la Direcci\u00f3n Meteorol\u00f3gica de Chile, los patos asados comenzar\u00e1n a caer desde este martes hasta 16 de enero hasta el domingo 21. Siempre en ascenso, alcanzado m\u00e1ximas [&hellip;]<\/p>\n","protected":false},"author":51,"featured_media":0,"comment_status":"open","ping_status":"open","sticky":false,"template":"","format":"standard","meta":{"footnotes":""},"categories":[16,31,11],"tags":[675,1064],"class_list":["post-28510","post","type-post","status-publish","format-standard","hentry","category-nacional","category-salud","category-tendencias","tag-cronica","tag-ola-de-calor"],"_links":{"self":[{"href":"http:\/\/www.lanuevaopcion.cl\/index.php?rest_route=\/wp\/v2\/posts\/28510","targetHints":{"allow":["GET"]}}],"collection":[{"href":"http:\/\/www.lanuevaopcion.cl\/index.php?rest_route=\/wp\/v2\/posts"}],"about":[{"href":"http:\/\/www.lanuevaopcion.cl\/index.php?rest_route=\/wp\/v2\/types\/post"}],"author":[{"embeddable":true,"href":"http:\/\/www.lanuevaopcion.cl\/index.php?rest_route=\/wp\/v2\/users\/51"}],"replies":[{"embeddable":true,"href":"http:\/\/www.lanuevaopcion.cl\/index.php?rest_route=%2Fwp%2Fv2%2Fcomments&post=28510"}],"version-history":[{"count":1,"href":"http:\/\/www.lanuevaopcion.cl\/index.php?rest_route=\/wp\/v2\/posts\/28510\/revisions"}],"predecessor-version":[{"id":28511,"href":"http:\/\/www.lanuevaopcion.cl\/index.php?rest_route=\/wp\/v2\/posts\/28510\/revisions\/28511"}],"wp:attachment":[{"href":"http:\/\/www.lanuevaopcion.cl\/index.php?rest_route=%2Fwp%2Fv2%2Fmedia&parent=28510"}],"wp:term":[{"taxonomy":"category","embeddable":true,"href":"http:\/\/www.lanuevaopcion.cl\/index.php?rest_route=%2Fwp%2Fv2%2Fcategories&post=28510"},{"taxonomy":"post_tag","embeddable":true,"href":"http:\/\/www.lanuevaopcion.cl\/index.php?rest_route=%2Fwp%2Fv2%2Ftags&post=28510"}],"curies":[{"name":"wp","href":"https:\/\/api.w.org\/{rel}","templated":true}]}}