{"id":28488,"date":"2024-01-02T22:25:43","date_gmt":"2024-01-02T22:25:43","guid":{"rendered":"http:\/\/www.lanuevaopcion.cl\/?p=28488"},"modified":"2024-01-02T22:25:43","modified_gmt":"2024-01-02T22:25:43","slug":"violento-asalto-en-las-condes-encanonan-a-un-papa-cuando-recogia-a-su-hija-del-jardin-y-arrancan-con-su-auto","status":"publish","type":"post","link":"http:\/\/www.lanuevaopcion.cl\/?p=28488","title":{"rendered":"Violento asalto en Las Condes: Enca\u00f1onan a un pap\u00e1 cuando recog\u00eda a su hija del jard\u00edn y arrancan con su auto"},"content":{"rendered":"<p><img loading=\"lazy\" decoding=\"async\"  alt=\"\" src=\"https:\/\/www.lacuarta.com\/resizer\/vj42uzG6pKrRBAQjonLE3zUSIoQ=\/640x360\/smart\/cloudfront-us-east-1.images.arcpublishing.com\/copesa\/PSDRALC6IZAY3CMKR7LW3BITBA.jpg\" class=\"alignleft\" width=\"640\" height=\"360\" \/ class=\"alignleft\" style=\"margin-right:15px;margin-bottom:10px;float:left;\" ><br \/>\nUn violento robo de veh\u00edculo se registr\u00f3 pasado el mediod\u00eda de este martes en la comuna de Las Condes. Sujetos armados intimidaron a un padre que recog\u00eda a su hija del jard\u00edn infantil para llevarse su autom\u00f3vil.<\/p>\n<p>De acuerdo a los antecedentes policiales, al menos dos sujetos interceptaron al adulto en el exterior del establecimiento educacional, cuando ya ten\u00eda a la peque\u00f1a en su silla de seguridad.<br \/>\n<!--more--><br \/>\n\u201cUsando armas, robaron el auto a un pap\u00e1 que iba a buscar a su hija al jard\u00edn. Estaba ya sentada en su silla. Le dieron tiempo para bajarla\u201d, detall\u00f3 la alcaldesa Daniela Pe\u00f1aloza sobre el hecho.<\/p>\n<p>LOS ASALTANTES TERMINARON CHOCANDO<br \/>\nAs\u00ed, los asaltantes lograron huir con el veh\u00edculo y se despleg\u00f3 una persecuci\u00f3n de Carabineros que se extendi\u00f3 hasta el sector Lo Blanco de la comuna de San Bernardo.<\/p>\n<p>All\u00ed, los malandras perdieron el control y terminaron colisionando con una camioneta.<\/p>\n<p>En ese momento, efectivos policiales lograron la detenci\u00f3n de dos sujetos y recuperaron tanto el veh\u00edculo robado al padre y su hija, como el m\u00f3vil en que se movilizaban los delincuentes, antes del asalto, que tambi\u00e9n era robado.<\/p>\n<p>La alcaldesa Pe\u00f1aloza asegur\u00f3 que el municipio est\u00e1 otorgando apoyo psicol\u00f3gico y legal a la familia afectada.<br \/>\nhttps:\/\/www.lacuarta.com\/cronica\/noticia\/violento-asalto-en-las-condes-encanonan-a-un-papa-cuando-recogia-a-su-hija-del-jardin-y-arrancan-con-su-auto\/RULUYO76BNB2ZLEASWOBRTNT7Q\/<br \/>\nFUENTE. LA CUARTA.COM<br \/>\nMEDIO DE DIFUSION, SIN FIN DE LUCRO ALGUNO <\/p>\n","protected":false},"excerpt":{"rendered":"<p>Un violento robo de veh\u00edculo se registr\u00f3 pasado el mediod\u00eda de este martes en la comuna de Las Condes. Sujetos armados intimidaron a un padre que recog\u00eda a su hija del jard\u00edn infantil para llevarse su autom\u00f3vil. De acuerdo a los antecedentes policiales, al menos dos sujetos interceptaron al adulto en el exterior del establecimiento [&hellip;]<\/p>\n","protected":false},"author":51,"featured_media":0,"comment_status":"open","ping_status":"open","sticky":false,"template":"","format":"standard","meta":{"footnotes":""},"categories":[4,9,16,1,11],"tags":[1277,708,1637],"class_list":["post-28488","post","type-post","status-publish","format-standard","hentry","category-economia","category-educacion","category-nacional","category-uncategorized","category-tendencias","tag-asaltos","tag-cronicas","tag-policial"],"_links":{"self":[{"href":"http:\/\/www.lanuevaopcion.cl\/index.php?rest_route=\/wp\/v2\/posts\/28488","targetHints":{"allow":["GET"]}}],"collection":[{"href":"http:\/\/www.lanuevaopcion.cl\/index.php?rest_route=\/wp\/v2\/posts"}],"about":[{"href":"http:\/\/www.lanuevaopcion.cl\/index.php?rest_route=\/wp\/v2\/types\/post"}],"author":[{"embeddable":true,"href":"http:\/\/www.lanuevaopcion.cl\/index.php?rest_route=\/wp\/v2\/users\/51"}],"replies":[{"embeddable":true,"href":"http:\/\/www.lanuevaopcion.cl\/index.php?rest_route=%2Fwp%2Fv2%2Fcomments&post=28488"}],"version-history":[{"count":1,"href":"http:\/\/www.lanuevaopcion.cl\/index.php?rest_route=\/wp\/v2\/posts\/28488\/revisions"}],"predecessor-version":[{"id":28489,"href":"http:\/\/www.lanuevaopcion.cl\/index.php?rest_route=\/wp\/v2\/posts\/28488\/revisions\/28489"}],"wp:attachment":[{"href":"http:\/\/www.lanuevaopcion.cl\/index.php?rest_route=%2Fwp%2Fv2%2Fmedia&parent=28488"}],"wp:term":[{"taxonomy":"category","embeddable":true,"href":"http:\/\/www.lanuevaopcion.cl\/index.php?rest_route=%2Fwp%2Fv2%2Fcategories&post=28488"},{"taxonomy":"post_tag","embeddable":true,"href":"http:\/\/www.lanuevaopcion.cl\/index.php?rest_route=%2Fwp%2Fv2%2Ftags&post=28488"}],"curies":[{"name":"wp","href":"https:\/\/api.w.org\/{rel}","templated":true}]}}