{"id":28427,"date":"2023-11-22T08:40:35","date_gmt":"2023-11-22T08:40:35","guid":{"rendered":"http:\/\/www.lanuevaopcion.cl\/?p=28427"},"modified":"2023-11-22T08:41:02","modified_gmt":"2023-11-22T08:41:02","slug":"%e2%80%9cte-chalaste%e2%80%9d-y-%e2%80%9cvergonzoso%e2%80%9d-ivan-poduje-deja-la-tendalada-con-polemico-video-sobre-nueva-constitucion","status":"publish","type":"post","link":"http:\/\/www.lanuevaopcion.cl\/?p=28427","title":{"rendered":"\u201cTe chalaste\u201d y \u201cvergonzoso\u201d: Iv\u00e1n Poduje deja la tendalada con pol\u00e9mico video sobre nueva Constituci\u00f3n"},"content":{"rendered":"<p><img loading=\"lazy\" decoding=\"async\"  alt=\"\" src=\"https:\/\/www.lacuarta.com\/resizer\/FXKLV48ycI2nSTnxUG65N-B_uo0=\/640x360\/smart\/cloudfront-us-east-1.images.arcpublishing.com\/copesa\/P53WALSBZNHXHOB2KD474M3INQ.jpg\" class=\"alignleft\" width=\"640\" height=\"360\" \/ class=\"alignleft\" style=\"margin-right:15px;margin-bottom:10px;float:left;\" ><br \/>\nEl arquitecto Iv\u00e1n Poduje desat\u00f3 tama\u00f1o esc\u00e1ndalo en sectores que van por el \u201cA Favor\u201d de la propuesta de nueva Constituci\u00f3n, de cara al plebiscito del 17 de diciembre.<\/p>\n<p>Poduje, un f\u00e9rreo opositor al Gobierno, es una de las voces que desde la derecha se declararon \u201cEn Contra\u201d del texto del Consejo Constitucional y despleg\u00f3 una intensa campa\u00f1a en redes sociales.<br \/>\n<!--more--><br \/>\nFue as\u00ed como se difundi\u00f3 un video donde el panelista de Sin Filtros explica sus motivos para rechazar la propuesta y finaliza con un gesto que sac\u00f3 ronchas: agarr\u00f3 el texto y lo rompi\u00f3 en pedazos.<\/p>\n<p>PlayvolumeAd<br \/>\nEl momento se viraliz\u00f3 y le dijeron de todo. En su defensa, Iv\u00e1n respondi\u00f3: \u201cest\u00e1n enamorados del texto. Igual que la izquierda con el mamarracho. Hasta lo comparan con la bandera y con la Rep\u00fablica. Y se ofenden si uno rompe un ejemplar\u201d.<br \/>\nhttps:\/\/www.lacuarta.com\/cronica\/noticia\/te-chalaste-y-vergonzoso-ivan-poduje-deja-la-tendalada-con-polemico-video-sobre-nueva-constitucion\/ZEI35ZGNDVEXHLAOH2B7UG6FBI\/<br \/>\nFUENTE. LA CUARTA.COM<br \/>\nMEDIO DE DIFUSION , SIN FI DE LUCRO ALGUNO <\/p>\n","protected":false},"excerpt":{"rendered":"<p>El arquitecto Iv\u00e1n Poduje desat\u00f3 tama\u00f1o esc\u00e1ndalo en sectores que van por el \u201cA Favor\u201d de la propuesta de nueva Constituci\u00f3n, de cara al plebiscito del 17 de diciembre. Poduje, un f\u00e9rreo opositor al Gobierno, es una de las voces que desde la derecha se declararon \u201cEn Contra\u201d del texto del Consejo Constitucional y despleg\u00f3 [&hellip;]<\/p>\n","protected":false},"author":51,"featured_media":0,"comment_status":"open","ping_status":"open","sticky":false,"template":"","format":"standard","meta":{"footnotes":""},"categories":[8,4,9,5,16,30,1,31,11],"tags":[708,1261,886],"class_list":["post-28427","post","type-post","status-publish","format-standard","hentry","category-cultura","category-economia","category-educacion","category-internacional","category-nacional","category-policial","category-uncategorized","category-salud","category-tendencias","tag-cronicas","tag-ivan-poduje","tag-new-constitucion"],"_links":{"self":[{"href":"http:\/\/www.lanuevaopcion.cl\/index.php?rest_route=\/wp\/v2\/posts\/28427","targetHints":{"allow":["GET"]}}],"collection":[{"href":"http:\/\/www.lanuevaopcion.cl\/index.php?rest_route=\/wp\/v2\/posts"}],"about":[{"href":"http:\/\/www.lanuevaopcion.cl\/index.php?rest_route=\/wp\/v2\/types\/post"}],"author":[{"embeddable":true,"href":"http:\/\/www.lanuevaopcion.cl\/index.php?rest_route=\/wp\/v2\/users\/51"}],"replies":[{"embeddable":true,"href":"http:\/\/www.lanuevaopcion.cl\/index.php?rest_route=%2Fwp%2Fv2%2Fcomments&post=28427"}],"version-history":[{"count":2,"href":"http:\/\/www.lanuevaopcion.cl\/index.php?rest_route=\/wp\/v2\/posts\/28427\/revisions"}],"predecessor-version":[{"id":28429,"href":"http:\/\/www.lanuevaopcion.cl\/index.php?rest_route=\/wp\/v2\/posts\/28427\/revisions\/28429"}],"wp:attachment":[{"href":"http:\/\/www.lanuevaopcion.cl\/index.php?rest_route=%2Fwp%2Fv2%2Fmedia&parent=28427"}],"wp:term":[{"taxonomy":"category","embeddable":true,"href":"http:\/\/www.lanuevaopcion.cl\/index.php?rest_route=%2Fwp%2Fv2%2Fcategories&post=28427"},{"taxonomy":"post_tag","embeddable":true,"href":"http:\/\/www.lanuevaopcion.cl\/index.php?rest_route=%2Fwp%2Fv2%2Ftags&post=28427"}],"curies":[{"name":"wp","href":"https:\/\/api.w.org\/{rel}","templated":true}]}}