{"id":28295,"date":"2023-08-29T12:45:25","date_gmt":"2023-08-29T12:45:25","guid":{"rendered":"http:\/\/www.lanuevaopcion.cl\/?p=28295"},"modified":"2023-08-29T12:50:18","modified_gmt":"2023-08-29T12:50:18","slug":"murio-guillermo-teillier-historico-lider-del-partido-comunista","status":"publish","type":"post","link":"http:\/\/www.lanuevaopcion.cl\/?p=28295","title":{"rendered":"Muri\u00f3 Guillermo Teillier, hist\u00f3rico l\u00edder del Partido Comunista"},"content":{"rendered":"<p><img loading=\"lazy\" decoding=\"async\"  alt=\"\" src=\"https:\/\/i.ytimg.com\/vi\/g7ufB2JbiYQ\/hqdefault.jpg?v=64edd755\" class=\"alignleft\" width=\"480\" height=\"360\" \/ class=\"alignleft\" style=\"margin-right:15px;margin-bottom:10px;float:left;\" ><br \/>\nDurante la ma\u00f1ana de este martes se confirm\u00f3 la muerte de Guillermo Teillier, presidente del Partido Comunista, quien atravesaba por un delicado momento de salud.<\/p>\n<p>La informaci\u00f3n fue confirmada por el Hospital Cl\u00ednico de la Universidad de Chile, donde estuvo internado en al menos dos oportunidades en el \u00faltimo tiempo.<\/p>\n<p>De acuerdo al recinto de salud, su deceso se produjo a las 3:27 de la madrugada, \u201cacompa\u00f1amos a sus familiares y amigos en este momento\u201d.<br \/>\n<!--more--><\/p>\n<p>EL CV DE TEILLIER<br \/>\nGuillermo Teillier inici\u00f3 su militancia cuando se sum\u00f3 a las Juventudes Comunistas, en 1958. Incluso, en 1973 fue candidato a diputado por Valdivia, pero no fue electo. Posteriormente, tras el Golpe de Estado, pas\u00f3 a la clandestinidad, y un a\u00f1o m\u00e1s tarde fue detenido.<\/p>\n<p>De hecho, estuvo dos a\u00f1os preso en los s\u00f3tanos de la Academia de Guerra de la Aviaci\u00f3n, donde fue torturado.<\/p>\n<p>Tras ser liberado, en 1976, pas\u00f3 a la clandestinidad para recomponer la direcci\u00f3n del PC. A\u00f1os m\u00e1s tarde, entre 1983 y 1987, asumi\u00f3 la comisi\u00f3n militar del partido, donde fue el nexo con el Frente Patri\u00f3tico Manuel Rodr\u00edguez (FPMR), brazo armado de la tienda pol\u00edtica que lider\u00f3 la resistencia al r\u00e9gimen de Augusto Pinochet.<\/p>\n<p>Luego, el hist\u00f3rico dirigente comunista integr\u00f3 el comit\u00e9 central del partido desde 1988, y posteriormente pas\u00f3 a ser secretario general. Asumi\u00f3 la presidencia tras la muerte de Gladys Mar\u00edn.<\/p>\n<p>Adem\u00e1s, fue diputado por la Regi\u00f3n Metropolitana entre los a\u00f1os 2010 y 2022.<\/p>\n<p>Luego de salir del Congreso, Teillier cada cierto tiempo aparec\u00eda dando sus opiniones de contingencia en los medios de comunicaci\u00f3n, cuesti\u00f3n que dej\u00f3 de ocurrir debido a sus constantes hospitalizaciones y problemas de salud.<\/p>\n<p>Tras conocerse su deceso, el PC tambi\u00e9n reaccion\u00f3 y le dedic\u00f3 un mensaje a trav\u00e9s de sus redes sociales.<br \/>\nhttps:\/\/www.lacuarta.com\/cronica\/noticia\/murio-guillermo-teillier-historico-lider-del-partido-comunista\/JVLPNOUBPBBSDM4IXC3VR2J7AE\/<br \/>\nFUENTE. LA CUARTA.COM<br \/>\nFOTO. CHLEVISION<br \/>\nMEDIO DE DIFUSION , SIN FIN DE LUCRO ALGUNO <\/p>\n","protected":false},"excerpt":{"rendered":"<p>Durante la ma\u00f1ana de este martes se confirm\u00f3 la muerte de Guillermo Teillier, presidente del Partido Comunista, quien atravesaba por un delicado momento de salud. La informaci\u00f3n fue confirmada por el Hospital Cl\u00ednico de la Universidad de Chile, donde estuvo internado en al menos dos oportunidades en el \u00faltimo tiempo. De acuerdo al recinto de [&hellip;]<\/p>\n","protected":false},"author":51,"featured_media":0,"comment_status":"open","ping_status":"open","sticky":false,"template":"","format":"standard","meta":{"footnotes":""},"categories":[8,4,5,16,1],"tags":[1209,1210],"class_list":["post-28295","post","type-post","status-publish","format-standard","hentry","category-cultura","category-economia","category-internacional","category-nacional","category-uncategorized","tag-muere-teillier","tag-pc"],"_links":{"self":[{"href":"http:\/\/www.lanuevaopcion.cl\/index.php?rest_route=\/wp\/v2\/posts\/28295","targetHints":{"allow":["GET"]}}],"collection":[{"href":"http:\/\/www.lanuevaopcion.cl\/index.php?rest_route=\/wp\/v2\/posts"}],"about":[{"href":"http:\/\/www.lanuevaopcion.cl\/index.php?rest_route=\/wp\/v2\/types\/post"}],"author":[{"embeddable":true,"href":"http:\/\/www.lanuevaopcion.cl\/index.php?rest_route=\/wp\/v2\/users\/51"}],"replies":[{"embeddable":true,"href":"http:\/\/www.lanuevaopcion.cl\/index.php?rest_route=%2Fwp%2Fv2%2Fcomments&post=28295"}],"version-history":[{"count":5,"href":"http:\/\/www.lanuevaopcion.cl\/index.php?rest_route=\/wp\/v2\/posts\/28295\/revisions"}],"predecessor-version":[{"id":28300,"href":"http:\/\/www.lanuevaopcion.cl\/index.php?rest_route=\/wp\/v2\/posts\/28295\/revisions\/28300"}],"wp:attachment":[{"href":"http:\/\/www.lanuevaopcion.cl\/index.php?rest_route=%2Fwp%2Fv2%2Fmedia&parent=28295"}],"wp:term":[{"taxonomy":"category","embeddable":true,"href":"http:\/\/www.lanuevaopcion.cl\/index.php?rest_route=%2Fwp%2Fv2%2Fcategories&post=28295"},{"taxonomy":"post_tag","embeddable":true,"href":"http:\/\/www.lanuevaopcion.cl\/index.php?rest_route=%2Fwp%2Fv2%2Ftags&post=28295"}],"curies":[{"name":"wp","href":"https:\/\/api.w.org\/{rel}","templated":true}]}}