{"id":28249,"date":"2023-08-04T09:57:57","date_gmt":"2023-08-04T09:57:57","guid":{"rendered":"http:\/\/www.lanuevaopcion.cl\/?p=28249"},"modified":"2023-08-04T09:57:57","modified_gmt":"2023-08-04T09:57:57","slug":"remezon-en-caso-lenceria-filtran-audio-de-reunion-secreta-de-camila-polizzi-y-ex-seremi-vivanco","status":"publish","type":"post","link":"http:\/\/www.lanuevaopcion.cl\/?p=28249","title":{"rendered":"Remez\u00f3n en caso Lencer\u00eda: filtran audio de reuni\u00f3n secreta de Camila Polizzi y ex seremi Vivanco"},"content":{"rendered":"<p><img loading=\"lazy\" decoding=\"async\"  alt=\"\" src=\"https:\/\/www.lacuarta.com\/resizer\/lMk0IUbAomsMSvlvIE4YvCea0Ds=\/0x29:1600x829\/360x180\/cloudfront-us-east-1.images.arcpublishing.com\/copesa\/SOLVXKXVLBCYJKNSCD2JOIIRY4.jpg\" class=\"alignleft\" width=\"360\" height=\"180\" \/ class=\"alignleft\" style=\"margin-right:15px;margin-bottom:10px;float:left;\" ><br \/>\nUn impactante registro se da a conocer tras la denuncia realizada por Camila Polizzi, quien acus\u00f3 amenazas de muerte por parte del exseremi del Biob\u00edo, Eduardo Vivanco.<\/p>\n<p>Si bien, hasta ahora, solo se conoc\u00eda la declaraci\u00f3n escrita de lo sucedido en la \u201creuni\u00f3n secreta\u201d entre la gran protagonista del \u201ccaso Lencer\u00eda\u201d y dos funcionarios del GORE, ahora se filtr\u00f3 un audio que corroborar\u00eda parte del relato y que fue revelado por Sabes.cl.<\/p>\n<p>Cabe recordar que, hace apenas un par de d\u00edas, la ex candidata a alcaldesa de Conce difundi\u00f3 un comunicado p\u00fablico donde neg\u00f3 las acusaciones en su contra y apunt\u00f3 a Vivanco a trav\u00e9s de una acci\u00f3n judicial.<br \/>\n<!--more--><\/p>\n<p>\u201cEl silencio que he guardado todo este tiempo, bien corresponde a hechos en donde mi integridad y la de mis hijas se encuentran en entredicho, y posible peligro. Le he presentado a la Fiscal\u00eda todos los antecedentes de los hechos ocurridos, donde una alta autoridad de Gobierno hablo expresamente de sicariato\u201d, precis\u00f3 en su escrito.<\/p>\n<p>\u00bfQU\u00c9 LE DIJO VIVANCO?<br \/>\nSeg\u00fan la denuncia de Polizzi, Vivanco habr\u00eda comenzado a intimidarla en medio de la charla. \u201cSe\u00f1ala que debo pensar en mis hijas. Por el tono de la conversaci\u00f3n y la situaci\u00f3n, comienzo a inquietarme\u201d, record\u00f3 Polizzi en su denuncia.<\/p>\n<p>Y agreg\u00f3 que el seremi le habl\u00f3 \u201cexpresamente de sicariato\u201d y que ser\u00eda gente del Gobierno Regional quienes querr\u00edan atentar contra la excandidata a alcaldesa.<\/p>\n<p>\u201c\u2018\u00bfCu\u00e1nto cuesta un colombiano?\u2019, lo que repite en varias ocasiones. Insin\u00faa que las personas del Gobierno Regional del Biob\u00edo van a eliminarme, que van a matarme\u201d, a\u00f1adi\u00f3.<\/p>\n<p>\u201cBusqu\u00e9 salir r\u00e1pido de ese lugar (&#8230;) Sal\u00ed muy afectada, en shock, y camin\u00e9 hasta mi casa\u201d, relat\u00f3.<br \/>\nhttps:\/\/www.lacuarta.com\/cronica\/noticia\/remezon-en-caso-lenceria-filtran-audio-de-reunion-secreta-de-camila-polizzi-y-ex-seremi-vivanco\/OXZRGVEXJ5DFBIUNUSHO7VAXQQ\/<br \/>\nFUENTE. LA CUARTA-COM<br \/>\nMEDIO DE DIFUSION , SIN FIN DELUCRO ALGUNO <\/p>\n","protected":false},"excerpt":{"rendered":"<p>Un impactante registro se da a conocer tras la denuncia realizada por Camila Polizzi, quien acus\u00f3 amenazas de muerte por parte del exseremi del Biob\u00edo, Eduardo Vivanco. Si bien, hasta ahora, solo se conoc\u00eda la declaraci\u00f3n escrita de lo sucedido en la \u201creuni\u00f3n secreta\u201d entre la gran protagonista del \u201ccaso Lencer\u00eda\u201d y dos funcionarios del [&hellip;]<\/p>\n","protected":false},"author":51,"featured_media":0,"comment_status":"open","ping_status":"open","sticky":false,"template":"","format":"standard","meta":{"footnotes":""},"categories":[8,4,9,16,30,1,11],"tags":[1182,1185,137],"class_list":["post-28249","post","type-post","status-publish","format-standard","hentry","category-cultura","category-economia","category-educacion","category-nacional","category-policial","category-uncategorized","category-tendencias","tag-camila-polizzi","tag-filtra-audio-caso-lenceria","tag-tribunales"],"_links":{"self":[{"href":"http:\/\/www.lanuevaopcion.cl\/index.php?rest_route=\/wp\/v2\/posts\/28249","targetHints":{"allow":["GET"]}}],"collection":[{"href":"http:\/\/www.lanuevaopcion.cl\/index.php?rest_route=\/wp\/v2\/posts"}],"about":[{"href":"http:\/\/www.lanuevaopcion.cl\/index.php?rest_route=\/wp\/v2\/types\/post"}],"author":[{"embeddable":true,"href":"http:\/\/www.lanuevaopcion.cl\/index.php?rest_route=\/wp\/v2\/users\/51"}],"replies":[{"embeddable":true,"href":"http:\/\/www.lanuevaopcion.cl\/index.php?rest_route=%2Fwp%2Fv2%2Fcomments&post=28249"}],"version-history":[{"count":1,"href":"http:\/\/www.lanuevaopcion.cl\/index.php?rest_route=\/wp\/v2\/posts\/28249\/revisions"}],"predecessor-version":[{"id":28250,"href":"http:\/\/www.lanuevaopcion.cl\/index.php?rest_route=\/wp\/v2\/posts\/28249\/revisions\/28250"}],"wp:attachment":[{"href":"http:\/\/www.lanuevaopcion.cl\/index.php?rest_route=%2Fwp%2Fv2%2Fmedia&parent=28249"}],"wp:term":[{"taxonomy":"category","embeddable":true,"href":"http:\/\/www.lanuevaopcion.cl\/index.php?rest_route=%2Fwp%2Fv2%2Fcategories&post=28249"},{"taxonomy":"post_tag","embeddable":true,"href":"http:\/\/www.lanuevaopcion.cl\/index.php?rest_route=%2Fwp%2Fv2%2Ftags&post=28249"}],"curies":[{"name":"wp","href":"https:\/\/api.w.org\/{rel}","templated":true}]}}