{"id":28141,"date":"2023-05-31T12:03:59","date_gmt":"2023-05-31T12:03:59","guid":{"rendered":"http:\/\/www.lanuevaopcion.cl\/?p=28141"},"modified":"2023-05-31T12:05:16","modified_gmt":"2023-05-31T12:05:16","slug":"%e2%80%9centendemos-su-inclinacion-sexual-pero%e2%80%9d-diputado-udi-saca-ronchas-por-dichos-contra-el-ministro-marco-antonio-avila","status":"publish","type":"post","link":"http:\/\/www.lanuevaopcion.cl\/?p=28141","title":{"rendered":"\u201cEntendemos su inclinaci\u00f3n sexual, pero&#8230;\u201d: Diputado UDI saca ronchas por dichos contra el ministro Marco Antonio \u00c1vila"},"content":{"rendered":"<p><img loading=\"lazy\" decoding=\"async\"  alt=\"\" src=\"https:\/\/www.lacuarta.com\/resizer\/CdoW55E4vNoEbAQNLYvNgkiUahE=\/360x180\/smart\/cloudfront-us-east-1.images.arcpublishing.com\/copesa\/UBJ3H5BV5BA4XLJIXHQTGLXHRI.jpg\" class=\"alignleft\" width=\"360\" height=\"180\" \/ class=\"alignleft\" style=\"margin-right:15px;margin-bottom:10px;float:left;\" ><br \/>\nUn particular cuestionamiento contra el ministro de Educaci\u00f3n, Marco Antonio \u00c1vila, esgrimi\u00f3 el diputado Sergio Bobadilla (UDI), al anunciar la intenci\u00f3n de interpelar al secretario de Estado.<\/p>\n<p>El titular del Mineduc est\u00e1 en la mira de una parte de la oposici\u00f3n por una gu\u00eda sobre \u201cinclusi\u00f3n de personas lesbianas, gays, bisexuales, trans e intersex en el sistema educativo chileno\u201d. En respuesta, \u00c1vila explic\u00f3 que esas orientaciones datan del gobierno de Michelle Bachelet, se mantuvieron durante el periodo de Sebasti\u00e1n Pi\u00f1era y la actual administraci\u00f3n se realiz\u00f3 una actualizaci\u00f3n, sin contemplar actividades educativas.<\/p>\n<p>Mientras algunos buscar\u00e1n acusarlo constitucionalmente, diputados UDI anunciaron que buscar\u00e1n los apoyos suficientes para interpelar al ministro.<br \/>\n<!--more--><br \/>\nLOS DICHOS DE BOBADILLA CONTRA \u00c1VILA<br \/>\nAl presentar los argumentos para la ofensiva, el diputado Bobadilla asever\u00f3 que \u201ctodo tiene l\u00edmites\u201d y que \u201chay antecedentes suficientes como para que el ministro venga a dar cuenta de su gesti\u00f3n y sus prioridades a la C\u00e1mara\u201d.<\/p>\n<p>El parlamentario gremialista critic\u00f3 que la educaci\u00f3n sexual \u201csea prioridad\u201d para el Ejecutivo. En ese punto, realiz\u00f3 una alusi\u00f3n a la orientaci\u00f3n sexual del ministro.<\/p>\n<p>\u201cNo compartimos en absoluto que la educaci\u00f3n sexual sea la prioridad de este ministerio. Entendemos la inclinaci\u00f3n sexual que puede tener el ministro, pero lo que no entendemos es que la ponga como prioridad en los temas educacionales de nuestro pa\u00eds\u201d, expres\u00f3 Bobadilla.<\/p>\n<p>El comentario no pas\u00f3 desapercibido para algunos usuarios de redes sociales, que cuestionaron los dichos del congresista.<br \/>\nhttps:\/\/www.lacuarta.com\/cronica\/noticia\/entendemos-su-inclinacion-sexual-pero-diputado-udi-saca-ronchas-por-dichos-contra-el-ministro-marco-antonio-avila\/R3FWJJ6ELRGVHEAH3RERFF3H5Q\/<br \/>\nFUENTE. LA CUARTA,COM<br \/>\nMEDIO DE DIFUSI\u00d3N , SIN FIN DE LUCRO ALGUNO <\/p>\n","protected":false},"excerpt":{"rendered":"<p>Un particular cuestionamiento contra el ministro de Educaci\u00f3n, Marco Antonio \u00c1vila, esgrimi\u00f3 el diputado Sergio Bobadilla (UDI), al anunciar la intenci\u00f3n de interpelar al secretario de Estado. El titular del Mineduc est\u00e1 en la mira de una parte de la oposici\u00f3n por una gu\u00eda sobre \u201cinclusi\u00f3n de personas lesbianas, gays, bisexuales, trans e intersex en [&hellip;]<\/p>\n","protected":false},"author":51,"featured_media":0,"comment_status":"open","ping_status":"open","sticky":false,"template":"","format":"standard","meta":{"footnotes":""},"categories":[8,9,5,16,30,1,31,11],"tags":[],"class_list":["post-28141","post","type-post","status-publish","format-standard","hentry","category-cultura","category-educacion","category-internacional","category-nacional","category-policial","category-uncategorized","category-salud","category-tendencias"],"_links":{"self":[{"href":"http:\/\/www.lanuevaopcion.cl\/index.php?rest_route=\/wp\/v2\/posts\/28141","targetHints":{"allow":["GET"]}}],"collection":[{"href":"http:\/\/www.lanuevaopcion.cl\/index.php?rest_route=\/wp\/v2\/posts"}],"about":[{"href":"http:\/\/www.lanuevaopcion.cl\/index.php?rest_route=\/wp\/v2\/types\/post"}],"author":[{"embeddable":true,"href":"http:\/\/www.lanuevaopcion.cl\/index.php?rest_route=\/wp\/v2\/users\/51"}],"replies":[{"embeddable":true,"href":"http:\/\/www.lanuevaopcion.cl\/index.php?rest_route=%2Fwp%2Fv2%2Fcomments&post=28141"}],"version-history":[{"count":3,"href":"http:\/\/www.lanuevaopcion.cl\/index.php?rest_route=\/wp\/v2\/posts\/28141\/revisions"}],"predecessor-version":[{"id":28143,"href":"http:\/\/www.lanuevaopcion.cl\/index.php?rest_route=\/wp\/v2\/posts\/28141\/revisions\/28143"}],"wp:attachment":[{"href":"http:\/\/www.lanuevaopcion.cl\/index.php?rest_route=%2Fwp%2Fv2%2Fmedia&parent=28141"}],"wp:term":[{"taxonomy":"category","embeddable":true,"href":"http:\/\/www.lanuevaopcion.cl\/index.php?rest_route=%2Fwp%2Fv2%2Fcategories&post=28141"},{"taxonomy":"post_tag","embeddable":true,"href":"http:\/\/www.lanuevaopcion.cl\/index.php?rest_route=%2Fwp%2Fv2%2Ftags&post=28141"}],"curies":[{"name":"wp","href":"https:\/\/api.w.org\/{rel}","templated":true}]}}