{"id":28136,"date":"2023-05-30T04:58:32","date_gmt":"2023-05-30T04:58:32","guid":{"rendered":"http:\/\/www.lanuevaopcion.cl\/?p=28136"},"modified":"2023-05-30T05:07:43","modified_gmt":"2023-05-30T05:07:43","slug":"revelan-que-salida-de-subsecretario-larrain-se-debio-a-denuncia-de-acoso-sexual","status":"publish","type":"post","link":"http:\/\/www.lanuevaopcion.cl\/?p=28136","title":{"rendered":"REVELAN QUE SALIDA DE SUBSECRETARIO LARRA\u00cdN SE DEBI\u00d3 DENUNCIA ACOSO"},"content":{"rendered":"<p><img loading=\"lazy\" decoding=\"async\"  alt=\"\" src=\"https:\/\/media.licdn.com\/dms\/image\/C4E03AQF43goEvg7waw\/profile-displayphoto-shrink_800_800\/0\/1641228595228?e=2147483647&#038;v=beta&#038;t=IYBUbgwZWsSVHwJFbi36BnKXPIG0d9ueJMHweP02GJk\" class=\"alignleft\" width=\"574\" height=\"574\" \/ class=\"alignleft\" style=\"margin-right:15px;margin-bottom:10px;float:left;\" ><br \/>\nEl Presidente Boric acept\u00f3 el viernes pasado la renuncia del subsecretario de Previsi\u00f3n Social, Christian Larra\u00edn Pizarro, quien estaba en el cargo desde el comienzo de la actual administraci\u00f3n.<\/p>\n<p>En ese momento, no se entregaron mayores detalles sobre la determinaci\u00f3n y el Gobierno solo inform\u00f3 que Consuelo Maldonado asumir\u00eda el cargo de manera subrogante.<\/p>\n<p>Sin embargo, La Tercera asegur\u00f3 este lunes que la salida se gatill\u00f3 luego de que una funcionaria del Ministerio del Trabajo present\u00f3 una denuncia formal por acoso sexual en contra de Larra\u00edn.<br \/>\n<!--more--><br \/>\n\u201cQuienes han conocido del tenor de la acusaci\u00f3n aseguran que la funcionaria apunt\u00f3 a comentarios y actitudes de \u00edndole sexual por parte de su superior\u201d, indic\u00f3 la publicaci\u00f3n.<\/p>\n<p>Desde el Ejecutivo indicaron al citado medio que \u201cesa era la m\u00e1xima sanci\u00f3n posible\u201d y que la ministra del Trabajo, Jeannette Jara, no manten\u00eda una buena relaci\u00f3n con el ahora exsubsecretario.<\/p>\n<p>Consultada por la salida de Larra\u00edn -antes de que se revelase la denuncia-, Jara hab\u00eda se\u00f1alado esta jornada que \u201csiempre en los equipos de trabajo hay miradas complementarias que se van nutriendo y que en algunas cosas se diferencian pero no lo dramatizo para nada. Una persona en particular en el ejercicio del cargo no puede constituirse ni en la palanca a favor ni en el obst\u00e1culo para poder encontrar esa disposici\u00f3n\u201d.<\/p>\n<p>Tras la salida, el expresidente de la comisi\u00f3n de Trabajo, Alberto Undurraga (DC), calific\u00f3 de \u201clamentable y sorpresiva la renuncia del subsecretario Larra\u00edn\u201d, a trav\u00e9s de Twitter.<\/p>\n<p>Ante la nueva informaci\u00f3n, la diputada Flor Weisse (UDI) pidi\u00f3 que \u201cse ventilen todos los antecedes por esta investigaci\u00f3n, lo m\u00ednimo es que se inicie un proceso administrativos, esperamos que no haya distingos cuando la tarea es defender a las mujeres\u201d.<\/p>\n<p>Por su parte, su par Camila Flores (RN), emplaz\u00f3 a la titular de la Mujer, Antonia Orellana: \u201c\u00bfD\u00f3nde est\u00e1 ministra de la Mujer? Ella ha guardado silencio respecto a otras autoridades del Gobierno tambi\u00e9n si es efectivo que este exsubsecretario sali\u00f3 por ese motivo, han pasado varios d\u00edas en que la ministra tuvo que que haber salido a solidarizar con la v\u00edctima\u201d.<\/p>\n<blockquote class=\"wp-embedded-content\" data-secret=\"D0uWUT62ZL\"><p><a href=\"https:\/\/www.lanacion.cl\/revelan-que-salida-de-subsecretario-larrain-se-debio-a-denuncia-de-acoso-sexual\/\">Revelan que salida de subsecretario Larra\u00edn se debi\u00f3 a denuncia de acoso sexual<\/a><\/p><\/blockquote>\n<p><iframe loading=\"lazy\" class=\"wp-embedded-content\" sandbox=\"allow-scripts\" security=\"restricted\" style=\"position: absolute; visibility: hidden;\" title=\"&#8220;Revelan que salida de subsecretario Larra\u00edn se debi\u00f3 a denuncia de acoso sexual&#8221; &#8212; La Naci\u00f3n\" src=\"https:\/\/www.lanacion.cl\/revelan-que-salida-de-subsecretario-larrain-se-debio-a-denuncia-de-acoso-sexual\/embed\/#?secret=NCEYALkXiI#?secret=D0uWUT62ZL\" data-secret=\"D0uWUT62ZL\" width=\"500\" height=\"282\" frameborder=\"0\" marginwidth=\"0\" marginheight=\"0\" scrolling=\"no\"><\/iframe><br \/>\nFUENTE. LA NACION.CL<br \/>\nMEDIO DE DIFUSI\u00d3N , SIN FIN DE LUCRO ALGUNO <\/p>\n","protected":false},"excerpt":{"rendered":"<p>El Presidente Boric acept\u00f3 el viernes pasado la renuncia del subsecretario de Previsi\u00f3n Social, Christian Larra\u00edn Pizarro, quien estaba en el cargo desde el comienzo de la actual administraci\u00f3n. En ese momento, no se entregaron mayores detalles sobre la determinaci\u00f3n y el Gobierno solo inform\u00f3 que Consuelo Maldonado asumir\u00eda el cargo de manera subrogante. Sin [&hellip;]<\/p>\n","protected":false},"author":51,"featured_media":0,"comment_status":"open","ping_status":"open","sticky":false,"template":"","format":"standard","meta":{"footnotes":""},"categories":[8,4,16,30,1,31,11],"tags":[1143,1142],"class_list":["post-28136","post","type-post","status-publish","format-standard","hentry","category-cultura","category-economia","category-nacional","category-policial","category-uncategorized","category-salud","category-tendencias","tag-denuncia-acoso-sexual","tag-ex-sub-secretario-renuncia"],"_links":{"self":[{"href":"http:\/\/www.lanuevaopcion.cl\/index.php?rest_route=\/wp\/v2\/posts\/28136","targetHints":{"allow":["GET"]}}],"collection":[{"href":"http:\/\/www.lanuevaopcion.cl\/index.php?rest_route=\/wp\/v2\/posts"}],"about":[{"href":"http:\/\/www.lanuevaopcion.cl\/index.php?rest_route=\/wp\/v2\/types\/post"}],"author":[{"embeddable":true,"href":"http:\/\/www.lanuevaopcion.cl\/index.php?rest_route=\/wp\/v2\/users\/51"}],"replies":[{"embeddable":true,"href":"http:\/\/www.lanuevaopcion.cl\/index.php?rest_route=%2Fwp%2Fv2%2Fcomments&post=28136"}],"version-history":[{"count":4,"href":"http:\/\/www.lanuevaopcion.cl\/index.php?rest_route=\/wp\/v2\/posts\/28136\/revisions"}],"predecessor-version":[{"id":28139,"href":"http:\/\/www.lanuevaopcion.cl\/index.php?rest_route=\/wp\/v2\/posts\/28136\/revisions\/28139"}],"wp:attachment":[{"href":"http:\/\/www.lanuevaopcion.cl\/index.php?rest_route=%2Fwp%2Fv2%2Fmedia&parent=28136"}],"wp:term":[{"taxonomy":"category","embeddable":true,"href":"http:\/\/www.lanuevaopcion.cl\/index.php?rest_route=%2Fwp%2Fv2%2Fcategories&post=28136"},{"taxonomy":"post_tag","embeddable":true,"href":"http:\/\/www.lanuevaopcion.cl\/index.php?rest_route=%2Fwp%2Fv2%2Ftags&post=28136"}],"curies":[{"name":"wp","href":"https:\/\/api.w.org\/{rel}","templated":true}]}}