{"id":28132,"date":"2023-05-26T07:45:05","date_gmt":"2023-05-26T07:45:05","guid":{"rendered":"http:\/\/www.lanuevaopcion.cl\/?p=28132"},"modified":"2023-05-26T07:47:44","modified_gmt":"2023-05-26T07:47:44","slug":"rn-va-a-contraloria-para-fiscalizar-los-recursos-utilizados-en-el-programa-%e2%80%9cgas-a-precio-justo%e2%80%9d","status":"publish","type":"post","link":"http:\/\/www.lanuevaopcion.cl\/?p=28132","title":{"rendered":"RN VA A CONTRALOR\u00cdA PARA FISCALIZAR LOS RECURSOS UTILIZADOS EN EL PROGRAMA \u201cGAS A PRECIO JUSTO\u201d"},"content":{"rendered":"<p><img loading=\"lazy\" decoding=\"async\"  alt=\"\" src=\"https:\/\/images2-mega.cdn.mdstrm.com\/meganoticias\/2023\/05\/07\/contraloria._413348_1_645747d112d68.jpg?d=500x282\" class=\"alignleft\" width=\"499\" height=\"282\" \/ class=\"alignleft\" style=\"margin-right:15px;margin-bottom:10px;float:left;\" ><br \/>\nLa bancada de Renovaci\u00f3n Nacional (RN) ingres\u00f3 un requerimiento a la Contralor\u00eda para que indague si existe incumplimiento al principio de eficiencia en el uso de los recursos p\u00fablicos, en la implementaci\u00f3n del programa \u201cGas de Chile\u201d de la ENAP.<\/p>\n<p>El requerimiento se fundamenta en que la estatal inform\u00f3 que el plan piloto signific\u00f3 un desembolso de $591 millones para llegar a los 6 mil cilindros.<\/p>\n<p>Cada cilindro de 15 kilos tuvo un costo unitario de $117 mil (IVA incluido), valor que se compara con los $23 mil promedio de las empresas tradicionales.<br \/>\n<!--more--><br \/>\nLos firmantes del requerimiento son los diputados Le\u00f3nidas Romero S\u00e1ez, Sof\u00eda Cid Versalovic, Miguel Mellado Suazo, Jos\u00e9 Miguel Castro Bascu\u00f1\u00e1n, Frank Sauerbaum Mu\u00f1oz, Marcia Raphael Mora y Andr\u00e9s Celis Montt.<\/p>\n<p>En el documento indicaron que \u201cel programa fue oficialmente presentado el 22 de julio por los ministros Giorgio Jackson, secretario General de la Presidencia en aquel entonces, y Claudio Huepe, de Energ\u00eda, en la comuna de Chiguayante de la VIII Regi\u00f3n del Biob\u00edo\u201d.<\/p>\n<p>Al respecto, Sof\u00eda Cid declar\u00f3 que \u201csi habl\u00e1bamos de un Ejecutivo responsable econ\u00f3micamente se hubiera analizado en su m\u00e9rito si era conveniente para nuestras arcas fiscales la implementaci\u00f3n del programa (\u2026) Los ministros de Desarrollo Social y Energ\u00eda tienen mucho que explicar\u201d.<\/p>\n<p>Por su parte, Andr\u00e9s Celis afirm\u00f3 que \u201cac\u00e1 hay un despilfarro inaceptable e incluso, \u00e9ticamente cuestionable. Hubo recursos p\u00fablicos mal gastados, considerando que solo se beneficio a 3.100 familias de las 100 mil que hab\u00edan anunciado\u201d.<\/p>\n<blockquote class=\"wp-embedded-content\" data-secret=\"9alMxw5LoP\"><p><a href=\"https:\/\/www.lanacion.cl\/rn-va-a-contraloria-para-fiscalizar-los-recursos-utilizados-en-el-programa-gas-a-precio-justo\/\">RN va a Contralor\u00eda para fiscalizar los recursos utilizados en el programa &#8220;Gas a precio justo&#8221;<\/a><\/p><\/blockquote>\n<p><iframe loading=\"lazy\" class=\"wp-embedded-content\" sandbox=\"allow-scripts\" security=\"restricted\" style=\"position: absolute; visibility: hidden;\" title=\"&#8220;RN va a Contralor\u00eda para fiscalizar los recursos utilizados en el programa &#8220;Gas a precio justo&#8221;&#8221; &#8212; La Naci\u00f3n\" src=\"https:\/\/www.lanacion.cl\/rn-va-a-contraloria-para-fiscalizar-los-recursos-utilizados-en-el-programa-gas-a-precio-justo\/embed\/#?secret=fgVVFD8oAd#?secret=9alMxw5LoP\" data-secret=\"9alMxw5LoP\" width=\"500\" height=\"282\" frameborder=\"0\" marginwidth=\"0\" marginheight=\"0\" scrolling=\"no\"><\/iframe><br \/>\nFUENTE. LA MACION.CL<br \/>\nFOTO.EMOL.COM<br \/>\nMEDIO DE DIFUSI\u00d3N, SIN FIN DE LUCRO ALGUNO <\/p>\n","protected":false},"excerpt":{"rendered":"<p>La bancada de Renovaci\u00f3n Nacional (RN) ingres\u00f3 un requerimiento a la Contralor\u00eda para que indague si existe incumplimiento al principio de eficiencia en el uso de los recursos p\u00fablicos, en la implementaci\u00f3n del programa \u201cGas de Chile\u201d de la ENAP. El requerimiento se fundamenta en que la estatal inform\u00f3 que el plan piloto signific\u00f3 un [&hellip;]<\/p>\n","protected":false},"author":51,"featured_media":0,"comment_status":"open","ping_status":"open","sticky":false,"template":"","format":"standard","meta":{"footnotes":""},"categories":[1],"tags":[],"class_list":["post-28132","post","type-post","status-publish","format-standard","hentry","category-uncategorized"],"_links":{"self":[{"href":"http:\/\/www.lanuevaopcion.cl\/index.php?rest_route=\/wp\/v2\/posts\/28132","targetHints":{"allow":["GET"]}}],"collection":[{"href":"http:\/\/www.lanuevaopcion.cl\/index.php?rest_route=\/wp\/v2\/posts"}],"about":[{"href":"http:\/\/www.lanuevaopcion.cl\/index.php?rest_route=\/wp\/v2\/types\/post"}],"author":[{"embeddable":true,"href":"http:\/\/www.lanuevaopcion.cl\/index.php?rest_route=\/wp\/v2\/users\/51"}],"replies":[{"embeddable":true,"href":"http:\/\/www.lanuevaopcion.cl\/index.php?rest_route=%2Fwp%2Fv2%2Fcomments&post=28132"}],"version-history":[{"count":3,"href":"http:\/\/www.lanuevaopcion.cl\/index.php?rest_route=\/wp\/v2\/posts\/28132\/revisions"}],"predecessor-version":[{"id":28135,"href":"http:\/\/www.lanuevaopcion.cl\/index.php?rest_route=\/wp\/v2\/posts\/28132\/revisions\/28135"}],"wp:attachment":[{"href":"http:\/\/www.lanuevaopcion.cl\/index.php?rest_route=%2Fwp%2Fv2%2Fmedia&parent=28132"}],"wp:term":[{"taxonomy":"category","embeddable":true,"href":"http:\/\/www.lanuevaopcion.cl\/index.php?rest_route=%2Fwp%2Fv2%2Fcategories&post=28132"},{"taxonomy":"post_tag","embeddable":true,"href":"http:\/\/www.lanuevaopcion.cl\/index.php?rest_route=%2Fwp%2Fv2%2Ftags&post=28132"}],"curies":[{"name":"wp","href":"https:\/\/api.w.org\/{rel}","templated":true}]}}