{"id":28124,"date":"2023-05-24T14:22:08","date_gmt":"2023-05-24T14:22:08","guid":{"rendered":"http:\/\/www.lanuevaopcion.cl\/?p=28124"},"modified":"2023-05-24T14:24:34","modified_gmt":"2023-05-24T14:24:34","slug":"dos-adolescentes-murieron-baleados-tras-intentar-realizar-un-portonazo-en-santiago","status":"publish","type":"post","link":"http:\/\/www.lanuevaopcion.cl\/?p=28124","title":{"rendered":"DOS ADOLESCENTES MURIERON BALEADOS TRAS INTENTAR REALIZAR UN PORTONAZO EN SANTIAGO"},"content":{"rendered":"<p><img loading=\"lazy\" decoding=\"async\"  alt=\"\" src=\"https:\/\/media.chvnoticias.cl\/2023\/05\/santiago-532x292.jpg\" class=\"alignleft\" width=\"532\" height=\"292\" \/ class=\"alignleft\" style=\"margin-right:15px;margin-bottom:10px;float:left;\" ><br \/>\nCarabineros investiga la muerte de dos adolescentes, de 15 y 17 a\u00f1os, tras ser encontrados en la v\u00eda p\u00fablica con impactos bal\u00edsticos en la comuna de Santiago, Regi\u00f3n Metropolitana.<\/p>\n<p>El hallazgo ocurri\u00f3 durante la madrugada de este mi\u00e9rcoles en la intersecci\u00f3n de las calles Manuel Antonio Tocornal con Santa Isabel, hasta donde lleg\u00f3 personal policial.<\/p>\n<p>De acuerdo a informaci\u00f3n preliminar, el hecho se origin\u00f3 cuando una persona intentaba ingresar a un edificio en un jeep, en ese momento habr\u00eda llegado un veh\u00edculo desde donde bajaron tres sujetos premunidos de armas de fuego.<br \/>\n<!--more--><br \/>\nTras esta situaci\u00f3n, el conductor habr\u00eda percutado m\u00faltiples disparos en contra de los asaltantes, provocando el fallecimiento de ambos adolescentes.<\/p>\n<p>El capit\u00e1n Claudio Herrera, oficial de ronda de la Prefectura de Santiago Central, se\u00f1al\u00f3 que \u201cse encontraron dos cuerpos con impactos bal\u00edsticos ya fallecidos. Ambos ser\u00edan menores de edad y la identificaci\u00f3n todav\u00eda est\u00e1 pendiente por los departamentos especializados\u201d.<\/p>\n<p>\u201cPersonal especializado est\u00e1 revisando las c\u00e1maras del edificio. Se mantiene en investigaci\u00f3n si es que hubo intercambio de disparos\u201c, agreg\u00f3.<\/p>\n<p>La Fiscal\u00eda instruy\u00f3 al OS9 y el Labocar para que realicen las pericias correspondientes en el sitio del suceso.<\/p>\n<blockquote class=\"wp-embedded-content\" data-secret=\"gCQPVVWk3n\"><p><a href=\"https:\/\/www.lanacion.cl\/dos-adolescentes-murieron-baleados-tras-intentar-realizar-un-portonazo-en-santiago\/\">Dos adolescentes murieron baleados tras intentar realizar un portonazo en Santiago<\/a><\/p><\/blockquote>\n<p><iframe loading=\"lazy\" class=\"wp-embedded-content\" sandbox=\"allow-scripts\" security=\"restricted\" style=\"position: absolute; visibility: hidden;\" title=\"&#8220;Dos adolescentes murieron baleados tras intentar realizar un portonazo en Santiago&#8221; &#8212; La Naci\u00f3n\" src=\"https:\/\/www.lanacion.cl\/dos-adolescentes-murieron-baleados-tras-intentar-realizar-un-portonazo-en-santiago\/embed\/#?secret=uE0rhhuGeq#?secret=gCQPVVWk3n\" data-secret=\"gCQPVVWk3n\" width=\"500\" height=\"282\" frameborder=\"0\" marginwidth=\"0\" marginheight=\"0\" scrolling=\"no\"><\/iframe><br \/>\nFUENTE. LA NACION.CL<br \/>\nFOTO CHILEVISION,<br \/>\nMEDIO DE DIFUSI\u00d3N , SIN FIN DE LUCRO ALGUNO <\/p>\n","protected":false},"excerpt":{"rendered":"<p>Carabineros investiga la muerte de dos adolescentes, de 15 y 17 a\u00f1os, tras ser encontrados en la v\u00eda p\u00fablica con impactos bal\u00edsticos en la comuna de Santiago, Regi\u00f3n Metropolitana. El hallazgo ocurri\u00f3 durante la madrugada de este mi\u00e9rcoles en la intersecci\u00f3n de las calles Manuel Antonio Tocornal con Santa Isabel, hasta donde lleg\u00f3 personal policial. [&hellip;]<\/p>\n","protected":false},"author":51,"featured_media":0,"comment_status":"open","ping_status":"open","sticky":false,"template":"","format":"standard","meta":{"footnotes":""},"categories":[8,9,16,30,1,31,11],"tags":[1139,642],"class_list":["post-28124","post","type-post","status-publish","format-standard","hentry","category-cultura","category-educacion","category-nacional","category-policial","category-uncategorized","category-salud","category-tendencias","tag-mueren-dos-menores-baleados","tag-santiago-centro"],"_links":{"self":[{"href":"http:\/\/www.lanuevaopcion.cl\/index.php?rest_route=\/wp\/v2\/posts\/28124","targetHints":{"allow":["GET"]}}],"collection":[{"href":"http:\/\/www.lanuevaopcion.cl\/index.php?rest_route=\/wp\/v2\/posts"}],"about":[{"href":"http:\/\/www.lanuevaopcion.cl\/index.php?rest_route=\/wp\/v2\/types\/post"}],"author":[{"embeddable":true,"href":"http:\/\/www.lanuevaopcion.cl\/index.php?rest_route=\/wp\/v2\/users\/51"}],"replies":[{"embeddable":true,"href":"http:\/\/www.lanuevaopcion.cl\/index.php?rest_route=%2Fwp%2Fv2%2Fcomments&post=28124"}],"version-history":[{"count":4,"href":"http:\/\/www.lanuevaopcion.cl\/index.php?rest_route=\/wp\/v2\/posts\/28124\/revisions"}],"predecessor-version":[{"id":28128,"href":"http:\/\/www.lanuevaopcion.cl\/index.php?rest_route=\/wp\/v2\/posts\/28124\/revisions\/28128"}],"wp:attachment":[{"href":"http:\/\/www.lanuevaopcion.cl\/index.php?rest_route=%2Fwp%2Fv2%2Fmedia&parent=28124"}],"wp:term":[{"taxonomy":"category","embeddable":true,"href":"http:\/\/www.lanuevaopcion.cl\/index.php?rest_route=%2Fwp%2Fv2%2Fcategories&post=28124"},{"taxonomy":"post_tag","embeddable":true,"href":"http:\/\/www.lanuevaopcion.cl\/index.php?rest_route=%2Fwp%2Fv2%2Ftags&post=28124"}],"curies":[{"name":"wp","href":"https:\/\/api.w.org\/{rel}","templated":true}]}}