{"id":28122,"date":"2023-05-23T10:58:51","date_gmt":"2023-05-23T10:58:51","guid":{"rendered":"http:\/\/www.lanuevaopcion.cl\/?p=28122"},"modified":"2023-05-23T10:58:51","modified_gmt":"2023-05-23T10:58:51","slug":"fiscalia-solicita-aclarar-que-hassler-es-imputada-y-no-querellante-por-caso-de-ex-clinica-sierra-bella","status":"publish","type":"post","link":"http:\/\/www.lanuevaopcion.cl\/?p=28122","title":{"rendered":"FISCAL\u00cdA SOLICITA ACLARAR QUE HASSLER ES IMPUTADA Y NO QUERELLANTE POR CASO DE EX CL\u00cdNICA SIERRA BELLA"},"content":{"rendered":"<p><img loading=\"lazy\" decoding=\"async\"  alt=\"\" src=\"https:\/\/pbs.twimg.com\/profile_images\/1413115361789087746\/Ec3AB9Od_400x400.jpg\" class=\"alignleft\" width=\"400\" height=\"400\" \/ class=\"alignleft\" style=\"margin-right:15px;margin-bottom:10px;float:left;\" ><br \/>\nLa Fiscal\u00eda present\u00f3 un recurso de aclaraci\u00f3n respecto a la condici\u00f3n de la alcaldesa de Santiago, Irac\u00ed Hassler (PC), en el marco de la investigaci\u00f3n por eventual fraude al fisco en la fallida compra de la ex Cl\u00ednica Sierra Bella.<\/p>\n<p>El fiscal Patricio Cooper pidi\u00f3 que haya una rectificaci\u00f3n o enmienda respecto al estatus de querellante que le asign\u00f3 el S\u00e9ptimo Juzgado de Garant\u00eda a la alcaldesa, indicando que est\u00e1 en calidad de imputada.<\/p>\n<p>En el documento, el persecutor explic\u00f3 que la Municipalidad de Santiago aparece como querellante en cuanto a corporaci\u00f3n de derecho p\u00fablico, no as\u00ed la alcaldesa como persona natural.<br \/>\n<!--more--><br \/>\n\u201cEn la presente causa hay cinco querellantes, los abogados Aldo Nolberto Duque Santos y Miguel Cea Bustos, los honorables diputados Juan Eduardo Irarr\u00e1zaval Rossel y Johannes Kaiser Barents-Von Hohenhagen y finalmente la Ilustre Municipalidad de Santiago, como corporaci\u00f3n de derecho p\u00fablico\u201d, se\u00f1ala el texto.<\/p>\n<p>\u201cLa se\u00f1ora Irac\u00ed Luiza Hassler Jacob como persona natural no tiene la calidad de querellante y para esta parte tiene la calidad de imputada\u201d, agrega.<\/p>\n<p>La defensa de Hassler tambi\u00e9n ingres\u00f3 un recurso con la misma solicitud. \u201cElla tiene la calidad de imputada porque los Republicanos piden citarla en esa calidad en su querella. El C\u00f3digo Procesal Penal le da los derechos del imputado a partir de esta imputaci\u00f3n de ellos. Que los querellantes la sindiquen como imputada no implica en modo alguno evaluaci\u00f3n de su responsabilidad\u201d, explic\u00f3 el abogado Miguel Sch\u00fcrmann a Radio Biob\u00edo.<\/p>\n<p>En paralelo, el municipio ingres\u00f3 una querella por eventual estafa en contra de los tres tasadores involucrados en la fallida adquisici\u00f3n del centro asistencial, la cual no prosper\u00f3 despu\u00e9s de que un informe de Contralor\u00eda advirtiese un sobreprecio en los m\u00e1s de $8.200 millones que la casa edilicia estaba ofreciendo.<\/p>\n<p>En ese contexto, surgi\u00f3 la querella por fraude al fisco, donde los querellantes apuntan a que la propiedad estaba a $3.500 millones solo meses antes de la adquisici\u00f3n y que hab\u00edan m\u00e1s opciones, como un edificio de Inversiones Las Malvas avaluado en $3.000 millones.<\/p>\n<blockquote class=\"wp-embedded-content\" data-secret=\"5xnITCnXLS\"><p><a href=\"https:\/\/www.lanacion.cl\/fiscalia-solicita-aclarar-que-hassler-es-imputada-y-no-querellante-por-caso-de-ex-clinica-sierra-bella\/\">Fiscal\u00eda solicita aclarar que Hassler es imputada y no querellante por caso de Ex Cl\u00ednica Sierra Bella<\/a><\/p><\/blockquote>\n<p><iframe loading=\"lazy\" class=\"wp-embedded-content\" sandbox=\"allow-scripts\" security=\"restricted\" style=\"position: absolute; visibility: hidden;\" title=\"&#8220;Fiscal\u00eda solicita aclarar que Hassler es imputada y no querellante por caso de Ex Cl\u00ednica Sierra Bella&#8221; &#8212; La Naci\u00f3n\" src=\"https:\/\/www.lanacion.cl\/fiscalia-solicita-aclarar-que-hassler-es-imputada-y-no-querellante-por-caso-de-ex-clinica-sierra-bella\/embed\/#?secret=KP8D5aZPp0#?secret=5xnITCnXLS\" data-secret=\"5xnITCnXLS\" width=\"500\" height=\"282\" frameborder=\"0\" marginwidth=\"0\" marginheight=\"0\" scrolling=\"no\"><\/iframe><br \/>\nFUENTE. LA NACION.CL<br \/>\nMEDIO DE DIFUSI\u00d3N , SIN FIN DE LUCRO ALGUNO <\/p>\n","protected":false},"excerpt":{"rendered":"<p>La Fiscal\u00eda present\u00f3 un recurso de aclaraci\u00f3n respecto a la condici\u00f3n de la alcaldesa de Santiago, Irac\u00ed Hassler (PC), en el marco de la investigaci\u00f3n por eventual fraude al fisco en la fallida compra de la ex Cl\u00ednica Sierra Bella. El fiscal Patricio Cooper pidi\u00f3 que haya una rectificaci\u00f3n o enmienda respecto al estatus de [&hellip;]<\/p>\n","protected":false},"author":51,"featured_media":0,"comment_status":"open","ping_status":"open","sticky":false,"template":"","format":"standard","meta":{"footnotes":""},"categories":[8,4,9,16,30,1,11],"tags":[1138,1137],"class_list":["post-28122","post","type-post","status-publish","format-standard","hentry","category-cultura","category-economia","category-educacion","category-nacional","category-policial","category-uncategorized","category-tendencias","tag-alcaldesa-de-santiago","tag-hassler-imputada"],"_links":{"self":[{"href":"http:\/\/www.lanuevaopcion.cl\/index.php?rest_route=\/wp\/v2\/posts\/28122","targetHints":{"allow":["GET"]}}],"collection":[{"href":"http:\/\/www.lanuevaopcion.cl\/index.php?rest_route=\/wp\/v2\/posts"}],"about":[{"href":"http:\/\/www.lanuevaopcion.cl\/index.php?rest_route=\/wp\/v2\/types\/post"}],"author":[{"embeddable":true,"href":"http:\/\/www.lanuevaopcion.cl\/index.php?rest_route=\/wp\/v2\/users\/51"}],"replies":[{"embeddable":true,"href":"http:\/\/www.lanuevaopcion.cl\/index.php?rest_route=%2Fwp%2Fv2%2Fcomments&post=28122"}],"version-history":[{"count":1,"href":"http:\/\/www.lanuevaopcion.cl\/index.php?rest_route=\/wp\/v2\/posts\/28122\/revisions"}],"predecessor-version":[{"id":28123,"href":"http:\/\/www.lanuevaopcion.cl\/index.php?rest_route=\/wp\/v2\/posts\/28122\/revisions\/28123"}],"wp:attachment":[{"href":"http:\/\/www.lanuevaopcion.cl\/index.php?rest_route=%2Fwp%2Fv2%2Fmedia&parent=28122"}],"wp:term":[{"taxonomy":"category","embeddable":true,"href":"http:\/\/www.lanuevaopcion.cl\/index.php?rest_route=%2Fwp%2Fv2%2Fcategories&post=28122"},{"taxonomy":"post_tag","embeddable":true,"href":"http:\/\/www.lanuevaopcion.cl\/index.php?rest_route=%2Fwp%2Fv2%2Ftags&post=28122"}],"curies":[{"name":"wp","href":"https:\/\/api.w.org\/{rel}","templated":true}]}}