{"id":28116,"date":"2023-05-22T09:26:36","date_gmt":"2023-05-22T09:26:36","guid":{"rendered":"http:\/\/www.lanuevaopcion.cl\/?p=28116"},"modified":"2023-05-22T09:26:36","modified_gmt":"2023-05-22T09:26:36","slug":"iquiquenos-reaccionan-furiosos-a-la-prohibicion-de-publico-en-acto-del-21-del-mayo","status":"publish","type":"post","link":"http:\/\/www.lanuevaopcion.cl\/?p=28116","title":{"rendered":"Iquique\u00f1os reaccionan furiosos a la prohibici\u00f3n de p\u00fablico en acto del 21 del mayo"},"content":{"rendered":"<p><img loading=\"lazy\" decoding=\"async\"  alt=\"\" src=\"https:\/\/www.lacuarta.com\/resizer\/icg8jT8j_VgoGylW5kM_pLVxIPg=\/0x432:5354x3109\/360x180\/cloudfront-us-east-1.images.arcpublishing.com\/copesa\/HCDDF6MEJJGWVLQF4QBTAJTPKQ.JPG\" class=\"alignleft\" width=\"360\" height=\"180\" \/ class=\"alignleft\" style=\"margin-right:15px;margin-bottom:10px;float:left;\" ><br \/>\n\u201cInformen bien, los Iquique\u00f1os quedaron fuera de una ceremonia tan propia. Gracias al cierre al p\u00fablico general, producto de la visita del presidente\u201d, dijo una usuaria de Twitter.<\/p>\n<p>Este domingo se celebr\u00f3 el aniversario del Combate Naval de Iquique en la capital de la regi\u00f3n de Tarapac\u00e1, donde participaron las autoridades nacionales. Este evento estuvo marcado con la supuesta prohibici\u00f3n del ingreso de p\u00fablico para ver la ceremonia.<br \/>\n<!--more--><br \/>\nEsta situaci\u00f3n gener\u00f3 una serie de reacciones entre los usuarios de las redes sociales, quienes expusieron el caso, ya que era com\u00fan que la ciudadan\u00eda pudiera asistir, sin embargo, este a\u00f1o no ocurri\u00f3 as\u00ed.<br \/>\nhttps:\/\/www.lacuarta.com\/cronica\/noticia\/iquiquenos-reaccionan-furiosos-a-la-prohibicion-de-publico-en-acto-del-21-del-mayo\/3NCQ6ZP6IFC33LTSG5XHJR5RV4\/<br \/>\nFUENTE. LA CUARTA.COM<br \/>\nMEDIO DE DIFUSI\u00d3N , SIN FIN DE LUCRO ALGUNO <\/p>\n","protected":false},"excerpt":{"rendered":"<p>\u201cInformen bien, los Iquique\u00f1os quedaron fuera de una ceremonia tan propia. Gracias al cierre al p\u00fablico general, producto de la visita del presidente\u201d, dijo una usuaria de Twitter. Este domingo se celebr\u00f3 el aniversario del Combate Naval de Iquique en la capital de la regi\u00f3n de Tarapac\u00e1, donde participaron las autoridades nacionales. Este evento estuvo [&hellip;]<\/p>\n","protected":false},"author":51,"featured_media":0,"comment_status":"open","ping_status":"open","sticky":false,"template":"","format":"standard","meta":{"footnotes":""},"categories":[8,9,16,30,1,31,11],"tags":[107,1135,1134],"class_list":["post-28116","post","type-post","status-publish","format-standard","hentry","category-cultura","category-educacion","category-nacional","category-policial","category-uncategorized","category-salud","category-tendencias","tag-21-de-mayo","tag-glorias-navales","tag-iquiquenos-furiosos"],"_links":{"self":[{"href":"http:\/\/www.lanuevaopcion.cl\/index.php?rest_route=\/wp\/v2\/posts\/28116","targetHints":{"allow":["GET"]}}],"collection":[{"href":"http:\/\/www.lanuevaopcion.cl\/index.php?rest_route=\/wp\/v2\/posts"}],"about":[{"href":"http:\/\/www.lanuevaopcion.cl\/index.php?rest_route=\/wp\/v2\/types\/post"}],"author":[{"embeddable":true,"href":"http:\/\/www.lanuevaopcion.cl\/index.php?rest_route=\/wp\/v2\/users\/51"}],"replies":[{"embeddable":true,"href":"http:\/\/www.lanuevaopcion.cl\/index.php?rest_route=%2Fwp%2Fv2%2Fcomments&post=28116"}],"version-history":[{"count":1,"href":"http:\/\/www.lanuevaopcion.cl\/index.php?rest_route=\/wp\/v2\/posts\/28116\/revisions"}],"predecessor-version":[{"id":28117,"href":"http:\/\/www.lanuevaopcion.cl\/index.php?rest_route=\/wp\/v2\/posts\/28116\/revisions\/28117"}],"wp:attachment":[{"href":"http:\/\/www.lanuevaopcion.cl\/index.php?rest_route=%2Fwp%2Fv2%2Fmedia&parent=28116"}],"wp:term":[{"taxonomy":"category","embeddable":true,"href":"http:\/\/www.lanuevaopcion.cl\/index.php?rest_route=%2Fwp%2Fv2%2Fcategories&post=28116"},{"taxonomy":"post_tag","embeddable":true,"href":"http:\/\/www.lanuevaopcion.cl\/index.php?rest_route=%2Fwp%2Fv2%2Ftags&post=28116"}],"curies":[{"name":"wp","href":"https:\/\/api.w.org\/{rel}","templated":true}]}}