{"id":28110,"date":"2023-05-17T13:16:41","date_gmt":"2023-05-17T13:16:41","guid":{"rendered":"http:\/\/www.lanuevaopcion.cl\/?p=28110"},"modified":"2023-05-17T13:16:41","modified_gmt":"2023-05-17T13:16:41","slug":"%e2%80%9cde-repente-nos-enojamos-pero-hay-hablar-que-con-la-verdad%e2%80%9d-la-pedro-gubernatti","status":"publish","type":"post","link":"http:\/\/www.lanuevaopcion.cl\/?p=28110","title":{"rendered":"\u201cDe repente nos enojamos, pero hay hablar que con la verdad\u201d: la PEDRO GUBERNATTI"},"content":{"rendered":"<p><img loading=\"lazy\" decoding=\"async\"  alt=\"\" src=\"https:\/\/www.lacuarta.com\/resizer\/ujSxXCK3IRU7iIhPqClIA7StMxY=\/0x26:1600x826\/360x180\/cloudfront-us-east-1.images.arcpublishing.com\/copesa\/F34HFYHN65E3XIAJGDHZ6C666I.jpg\" class=\"alignleft\" width=\"360\" height=\"180\" \/ class=\"alignleft\" style=\"margin-right:15px;margin-bottom:10px;float:left;\" ><br \/>\nAnoche, Pedro Gubernatti confirm\u00f3 su renuncia al Partido de la Gente (PDG) y tambi\u00e9n de Bad Boys, el emblem\u00e1tico programa de la colectividad pol\u00edtica.<\/p>\n<p>En Sin Filtros, el ingeniero comercial coment\u00f3 que esta fue primera incursi\u00f3n pol\u00edtica y que el s\u00e1bado realiz\u00f3 el tr\u00e1mite en el Servel para poner fin a la militancia.<\/p>\n<p>Consultado por sus motivos, Gubernatti indic\u00f3 que no est\u00e1 de acuerdo con las decisiones que se han tomado tras las elecciones de consejeros constitucionales, donde el PDG sufri\u00f3 una contundente derrota.<br \/>\n<!--more--><br \/>\n\u201cDespu\u00e9s de analizar todas las decisiones que se han ido tomando y que ya se tomaron y que van a ir repercutiendo en el futuro, creo que no me representa lo que se viene, no me representa c\u00f3mo se est\u00e1 desarrollando todo\u201d, explic\u00f3.<\/p>\n<p>\u201cPor mis principios, por mis valores, por mis convicciones, que son un eje fundamental en mi vida. Hay cosas que no transo (&#8230;) No puedo hacer m\u00e1s. Yo no puedo luchar solo\u201d, agreg\u00f3.<\/p>\n<p>Hace unos d\u00edas se supo que Gubernatti y los Bad Boys crearon un grupo de WhatsApp donde realizaron peticiones a los diputados de la tienda, para evitar que \u201cmuera\u201d el partido.<br \/>\nhttps:\/\/www.lacuarta.com\/cronica\/noticia\/de-repente-nos-enojamos-pero-hay-hablar-que-con-la-verdad-la-reaccion-de-parisi-a-renuncia-de-pedro-gubernatti\/46XC6ITAANFJ3J4ETY6QHWJFJU\/<br \/>\nFUENTE. LA CUARTA.COM<br \/>\nMEDIO DE DIFUSI\u00d3N , SIN FIN DE LUCRO ALGUNO <\/p>\n","protected":false},"excerpt":{"rendered":"<p>Anoche, Pedro Gubernatti confirm\u00f3 su renuncia al Partido de la Gente (PDG) y tambi\u00e9n de Bad Boys, el emblem\u00e1tico programa de la colectividad pol\u00edtica. En Sin Filtros, el ingeniero comercial coment\u00f3 que esta fue primera incursi\u00f3n pol\u00edtica y que el s\u00e1bado realiz\u00f3 el tr\u00e1mite en el Servel para poner fin a la militancia. Consultado por [&hellip;]<\/p>\n","protected":false},"author":51,"featured_media":0,"comment_status":"open","ping_status":"open","sticky":false,"template":"","format":"standard","meta":{"footnotes":""},"categories":[8,9,16,30,1,11],"tags":[1133],"class_list":["post-28110","post","type-post","status-publish","format-standard","hentry","category-cultura","category-educacion","category-nacional","category-policial","category-uncategorized","category-tendencias","tag-pedro-gubernatti"],"_links":{"self":[{"href":"http:\/\/www.lanuevaopcion.cl\/index.php?rest_route=\/wp\/v2\/posts\/28110","targetHints":{"allow":["GET"]}}],"collection":[{"href":"http:\/\/www.lanuevaopcion.cl\/index.php?rest_route=\/wp\/v2\/posts"}],"about":[{"href":"http:\/\/www.lanuevaopcion.cl\/index.php?rest_route=\/wp\/v2\/types\/post"}],"author":[{"embeddable":true,"href":"http:\/\/www.lanuevaopcion.cl\/index.php?rest_route=\/wp\/v2\/users\/51"}],"replies":[{"embeddable":true,"href":"http:\/\/www.lanuevaopcion.cl\/index.php?rest_route=%2Fwp%2Fv2%2Fcomments&post=28110"}],"version-history":[{"count":1,"href":"http:\/\/www.lanuevaopcion.cl\/index.php?rest_route=\/wp\/v2\/posts\/28110\/revisions"}],"predecessor-version":[{"id":28111,"href":"http:\/\/www.lanuevaopcion.cl\/index.php?rest_route=\/wp\/v2\/posts\/28110\/revisions\/28111"}],"wp:attachment":[{"href":"http:\/\/www.lanuevaopcion.cl\/index.php?rest_route=%2Fwp%2Fv2%2Fmedia&parent=28110"}],"wp:term":[{"taxonomy":"category","embeddable":true,"href":"http:\/\/www.lanuevaopcion.cl\/index.php?rest_route=%2Fwp%2Fv2%2Fcategories&post=28110"},{"taxonomy":"post_tag","embeddable":true,"href":"http:\/\/www.lanuevaopcion.cl\/index.php?rest_route=%2Fwp%2Fv2%2Ftags&post=28110"}],"curies":[{"name":"wp","href":"https:\/\/api.w.org\/{rel}","templated":true}]}}