{"id":28092,"date":"2023-05-09T13:36:05","date_gmt":"2023-05-09T13:36:05","guid":{"rendered":"http:\/\/www.lanuevaopcion.cl\/?p=28092"},"modified":"2023-05-09T13:38:12","modified_gmt":"2023-05-09T13:38:12","slug":"%e2%80%9cpeligro-nacional%e2%80%9d-hermano-de-luis-silva-y-director-de-la-nana-arremete-contra-nuevo-consejero","status":"publish","type":"post","link":"http:\/\/www.lanuevaopcion.cl\/?p=28092","title":{"rendered":"\u201cPeligro nacional\u201d: hermano de Luis Silva y director de La Nana arremete contra nuevo consejero"},"content":{"rendered":"<p><img loading=\"lazy\" decoding=\"async\"  alt=\"\" src=\"https:\/\/www.lacuarta.com\/resizer\/Qj5pAJD5G0QasVVAfjbemJ_qyks=\/0x41:1600x841\/360x180\/cloudfront-us-east-1.images.arcpublishing.com\/copesa\/W4L4KUKFWVHHBIBJDEGRD45RNY.jpeg\" class=\"alignleft\" width=\"360\" height=\"180\" \/ class=\"alignleft\" style=\"margin-right:15px;margin-bottom:10px;float:left;\" ><br \/>\nSebasti\u00e1n Silva, hermano de Luis Silva, reaccion\u00f3 al triunfo del consejero constitucional m\u00e1s votado de la elecci\u00f3n de este 7 de mayo.<\/p>\n<p>A trav\u00e9s de redes sociales, el reconocido director de la pel\u00edcula La Nana comparti\u00f3 una imagen de su familiar junto a una de sus declaraciones.<\/p>\n<p>\u201cEvidentemente que no puedo separar mis posiciones en las cuestiones culturales, val\u00f3ricas o sociales de mi dimensi\u00f3n religiosa\u201d, habr\u00eda dicho el abogado de 45 a\u00f1os.<\/p>\n<p>En la misma postal, Sebasti\u00e1n etiquet\u00f3 a su hermano y advirti\u00f3: \u201cPeligro nacional\u201d.<br \/>\n<!--more--><br \/>\n\u00bfQU\u00c9 PIENSA LUIS SILVA?<br \/>\nEn entrevista con La Tercera, publicada el pasado 24 de marzo, el tambi\u00e9n numerario del Opus Dei reconoci\u00f3 que \u201che sido muy activo en decir que la Constituci\u00f3n con suerte le va a solucionar a la gente los problemas de sus nietos\u201d.<\/p>\n<p>\u201cMientras la Constituci\u00f3n m\u00e1s diga, m\u00e1s te limita. Mientras m\u00e1s extensa, m\u00e1s te amarra para el futuro. Las constituciones son una ley dif\u00edcil de modificar\u201d, agreg\u00f3.<\/p>\n<p>Asimismo, plante\u00f3 que \u201cyo no tengo nada distinto respecto de lo que dice la Constituci\u00f3n actual sobre los contenidos val\u00f3ricos. Pero si en la nueva Constituci\u00f3n quedara plasmado el derecho al aborto, yo lo rechazar\u00eda. Pero creo que no va a ocurrir. Eutanasia lo mismo. Para m\u00ed la vida es desde la concepci\u00f3n hasta la muerte\u201d. <\/p>\n<p>\u201cMe gusta otra cl\u00e1usula que dice que la familia es el n\u00facleo fundamental de la sociedad. Esa frase me importa mucho, porque nos defiende de una concepci\u00f3n individualista de la sociedad\u201d, complement\u00f3.<br \/>\nhttps:\/\/www.lacuarta.com\/cronica\/noticia\/peligro-nacional-hermano-de-luis-silva-y-director-de-la-nana-arremete-contra-nuevo-consejero\/GV3QQXFO5JCZTJU4MHEVMNOFZI\/<br \/>\nFUENTE. LA CUARTA.COM<br \/>\nMEDIO DE DIFUSI\u00d3N SIN FIN DE LUCRO ALGUNO <\/p>\n","protected":false},"excerpt":{"rendered":"<p>Sebasti\u00e1n Silva, hermano de Luis Silva, reaccion\u00f3 al triunfo del consejero constitucional m\u00e1s votado de la elecci\u00f3n de este 7 de mayo. A trav\u00e9s de redes sociales, el reconocido director de la pel\u00edcula La Nana comparti\u00f3 una imagen de su familiar junto a una de sus declaraciones. \u201cEvidentemente que no puedo separar mis posiciones en [&hellip;]<\/p>\n","protected":false},"author":51,"featured_media":0,"comment_status":"open","ping_status":"open","sticky":false,"template":"","format":"standard","meta":{"footnotes":""},"categories":[8,9,16,1,11],"tags":[756,1628],"class_list":["post-28092","post","type-post","status-publish","format-standard","hentry","category-cultura","category-educacion","category-nacional","category-uncategorized","category-tendencias","tag-convencion-constitucional","tag-uncategorized"],"_links":{"self":[{"href":"http:\/\/www.lanuevaopcion.cl\/index.php?rest_route=\/wp\/v2\/posts\/28092","targetHints":{"allow":["GET"]}}],"collection":[{"href":"http:\/\/www.lanuevaopcion.cl\/index.php?rest_route=\/wp\/v2\/posts"}],"about":[{"href":"http:\/\/www.lanuevaopcion.cl\/index.php?rest_route=\/wp\/v2\/types\/post"}],"author":[{"embeddable":true,"href":"http:\/\/www.lanuevaopcion.cl\/index.php?rest_route=\/wp\/v2\/users\/51"}],"replies":[{"embeddable":true,"href":"http:\/\/www.lanuevaopcion.cl\/index.php?rest_route=%2Fwp%2Fv2%2Fcomments&post=28092"}],"version-history":[{"count":5,"href":"http:\/\/www.lanuevaopcion.cl\/index.php?rest_route=\/wp\/v2\/posts\/28092\/revisions"}],"predecessor-version":[{"id":28097,"href":"http:\/\/www.lanuevaopcion.cl\/index.php?rest_route=\/wp\/v2\/posts\/28092\/revisions\/28097"}],"wp:attachment":[{"href":"http:\/\/www.lanuevaopcion.cl\/index.php?rest_route=%2Fwp%2Fv2%2Fmedia&parent=28092"}],"wp:term":[{"taxonomy":"category","embeddable":true,"href":"http:\/\/www.lanuevaopcion.cl\/index.php?rest_route=%2Fwp%2Fv2%2Fcategories&post=28092"},{"taxonomy":"post_tag","embeddable":true,"href":"http:\/\/www.lanuevaopcion.cl\/index.php?rest_route=%2Fwp%2Fv2%2Ftags&post=28092"}],"curies":[{"name":"wp","href":"https:\/\/api.w.org\/{rel}","templated":true}]}}