{"id":28086,"date":"2023-05-08T10:08:12","date_gmt":"2023-05-08T10:08:12","guid":{"rendered":"http:\/\/www.lanuevaopcion.cl\/?p=28086"},"modified":"2023-05-08T10:13:36","modified_gmt":"2023-05-08T10:13:36","slug":"kast-%e2%80%9cchile-ha-derrotado-a-un-gobierno-fracasado%e2%80%9d","status":"publish","type":"post","link":"http:\/\/www.lanuevaopcion.cl\/?p=28086","title":{"rendered":"KAST: \u201cCHILE HA DERROTADO A UN GOBIERNO FRACASADO\u201d"},"content":{"rendered":"<p><img loading=\"lazy\" decoding=\"async\"  alt=\"\" src=\"https:\/\/puranoticia.pnt.cl\/cms\/site\/artic\/20230507\/imag\/foto_0000001120230507214446\/Aton_708242.jpg\" class=\"alignleft\" width=\"370\" height=\"280\" \/ class=\"alignleft\" style=\"margin-right:15px;margin-bottom:10px;float:left;\" ><br \/>\nJos\u00e9 Antonio Kast, excandidato presidencial y l\u00edder del Partido Republicano, dirigi\u00f3 unas palabras a sus adherentes pasadas las 21 horas tras el avasallador triunfo de su colectividad en las elecciones de consejeros constitucionales que se llevaron a cabo este domingo en el pa\u00eds.<\/p>\n<p>\u201cHoy d\u00eda debo decir que no hay nada que celebrar. Y alguien se preguntar\u00e1 por qu\u00e9. Porque Chile no est\u00e1 bien, porque los chilenos no estamos bien, y eso hay que grab\u00e1rselo en el coraz\u00f3n, las cosas no est\u00e1n bien\u201d, sostuvo.<br \/>\n<!--more--><br \/>\nCon el 90,85% de las mesas escrutadas, la colectividad tiene un 35,53% de las preferencias, equivalentes a 3.155.096 votos. De esta forma estar\u00eda obteniendo 22 esca\u00f1os, lo que les permite poder de veto al tener m\u00e1s de 2\/5.<\/p>\n<p>Desde el comando de republicanos, Kast asegur\u00f3 que \u201cpara algunos pocos, esta elecci\u00f3n parece muy importante. Pero para la inmensa mayor\u00eda de los chilenos no, porque tendr\u00e1n que salir ma\u00f1ana muy temprano a trabajar, igual que todos los d\u00edas, y a seguir adelante con sus vidas. Vidas, que en muchos casos, est\u00e1n agobiadas y fatigadas por la incertidumbre, la presi\u00f3n econ\u00f3mica y la intranquilidad\u201d.<\/p>\n<p>\u201cVidas que est\u00e1n atormentadas, en algunos casos, por alguna enfermedad catastr\u00f3fica de alg\u00fan familiar, por la p\u00e9rdida del trabajo, que ha ido lamentablemente aumentando. Por la insuficiente plata, recursos, para llegar a fin de mes. Vidas que sufren el miedo d\u00eda y noche, y que ven como la paz de sus barrios se ha ido esfumando, y que el riesgo de que sus ni\u00f1os caigan en redes de narcotr\u00e1fico, o producto de la maldad de la droga, puede ocurrir en cualquier momento\u201d, a\u00f1adi\u00f3.<\/p>\n<p>Por ello, el excandidato presidencial insisti\u00f3 en que \u201choy d\u00eda no hay mucho que celebrar, porque Chile no est\u00e1 bien. Y hoy, no es tiempo de alegrarse ni de celebrar, podemos decir que s\u00ed, que podemos estar contentos, porque logramos una meta importante. Pero no es tiempo de celebrar ni de dividir al pa\u00eds. Es tiempo, sobre todo, de trabajar en unidad por el bien de Chile\u201d.<\/p>\n<p>Asever\u00f3 que \u201choy d\u00eda los chilenos derrotaron el desgano, la apat\u00eda y la indiferencia. Hoy, millones de chilenos han salido a las calles y han concurrido a las urnas para dar una se\u00f1al fuerte y clara del rumbo que quieren para nuestro pa\u00eds. Muchos de ellos nos han elegido a nosotros, lo cual conlleva una tremenda responsabilidad. Y no solo nos han elegido por nuestras ideas, nuestras convicciones, sino tambi\u00e9n por nuestro compromiso, nuestra coherencia, y sobre todo, nuestra conexi\u00f3n con los problemas que d\u00eda a d\u00eda vive cada uno de esos chilenos\u201d.<\/p>\n<p>Agreg\u00f3 que \u201cha triunfado el sentido com\u00fan. Las convicciones que representan a millones de chilenos, que quieren que nuestro pa\u00eds progrese en orden, paz y libertad. Muchos se han preguntado en estos d\u00edas, y sobre todo en esta noche, \u00bfQu\u00e9 van a hacer los consejeros republicanos en el Consejo Constitucional? La respuesta es evidente, lo mismo que hemos hecho siempre, que es amar profundamente a nuestra patria\u201d.<\/p>\n<p>Adem\u00e1s, advirti\u00f3 que \u201choy, a diferencia de lo que ocurr\u00eda hace dos a\u00f1os atr\u00e1s, cuando ten\u00edamos una baja participaci\u00f3n en las elecciones, cuando ven\u00edamos saliendo de un mal gobierno, cuando avanzaba esa izquierda radical que amenazaba con refundarlo todo, podemos respirar un poco m\u00e1s tranquilos, un poco m\u00e1s aliviados, y decir con responsabilidad y esperanza, que hoy es el primer d\u00eda de un futuro mejor para nuestro pa\u00eds\u201d.<\/p>\n<p>Remarc\u00f3 que el resultado es un voto castigo al Gobierno: \u201cChile ha derrotado a un Gobierno fracasado. Y eso hay que decirlo fuerte y claro. Un Gobierno que ha sido incapaz de enfrentar la crisis de seguridad, la crisis migratoria, la crisis econ\u00f3mica, la crisis social en materia de salud, vivienda y tantas otras\u201d.<\/p>\n<p>\u201cUn Gobierno donde muchas cosas lamentablemente est\u00e1n subiendo, como el costo de la vida fruto de la inflaci\u00f3n, sube la inseguridad, los homicidios, la inmigraci\u00f3n ilegal, las personas en las listas de espera de salud, y miles de familias que sufren en campamentos a lo largo de todo Chile\u201d, acus\u00f3, lamentando que hay \u201chay muchas cosas que se desploman, como la econom\u00eda, los sueldos, la calidad de la educaci\u00f3n, la confianza de los inversionistas y la aprobaci\u00f3n presidencial\u201d.<\/p>\n<p>Por ello, indic\u00f3 que \u201chemos constatado que la esperanza de los chilenos sigue intacta y que nuestro compromiso de trabajo por Chile est\u00e1 m\u00e1s vigente que nunca. Chile tiene todas las condiciones para volver a crecer con fuerza, para generar trabajos de calidad, dignos, para generar la confianza necesaria para que emprendedores e inversionistas vuelvan a creer e invertir en Chile\u201d.<\/p>\n<p>Afirm\u00f3 que \u201csi ponemos nuestro esfuerzo en solucionar y enfrentar la crisis de la educaci\u00f3n y de la salud, podremos mirar con mucho m\u00e1s optimismo y esperanza nuestro futuro. Tenemos que tomar con humildad la responsabilidad que millones de chilenos nos han encomendado. Somos el partido m\u00e1s votado, somos los m\u00e1s responsables hoy d\u00eda de sacar adelante nuestra patria, que nunca m\u00e1s el sectarismo se apodere de nuestra patria\u201d.<\/p>\n<p>\u201cEs el primer d\u00eda de esa traves\u00eda, que nos tiene que llevar a construir una alternativa necesaria para que Chile recupere la fuerza, la paz y la esperanza. Y lo haremos desde el Consejo Constitucional\u201d, manifest\u00f3.<\/p>\n<p>El l\u00edder republicano explic\u00f3 que buscar\u00e1n escribir una Constituci\u00f3n \u201cque lejos de las ideas refundacionales de la izquierda, y resguardando las bases de la institucionalidad, nos permita proyectarnos con un futuro esplendor, en orden, paz y prosperidad para cada uno de los chilenos\u201d.<\/p>\n<p>Asimismo, asegur\u00f3 que los parlamentarios republicanos \u201ctendr\u00e1n el dif\u00edcil deber y la misi\u00f3n de exigirle al Presidente de la Rep\u00fablica y su equipo, que comiencen a gobernar de una vez por todas, mirando el inter\u00e9s de Chile y no solo la ideolog\u00eda radical que nos lleva a empobrecernos como naci\u00f3n\u201d.<\/p>\n<p>Finalmente, agradeci\u00f3 a los candidatos que no salieron electos: \u201cGracias a cada uno de ellos, que se la jug\u00f3, que recorri\u00f3 cada rinc\u00f3n de Chile, que no dej\u00f3 puerta sin golpear\u201d.<\/p>\n<blockquote class=\"wp-embedded-content\" data-secret=\"ylCGfGZvkU\"><p><a href=\"https:\/\/www.lanacion.cl\/kast-chile-ha-derrotado-a-un-gobierno-fracasado\/\">Kast: \u201cChile ha derrotado a un gobierno fracasado\u201d<\/a><\/p><\/blockquote>\n<p><iframe loading=\"lazy\" class=\"wp-embedded-content\" sandbox=\"allow-scripts\" security=\"restricted\" style=\"position: absolute; visibility: hidden;\" title=\"&#8220;Kast: \u201cChile ha derrotado a un gobierno fracasado\u201d&#8221; &#8212; La Naci\u00f3n\" src=\"https:\/\/www.lanacion.cl\/kast-chile-ha-derrotado-a-un-gobierno-fracasado\/embed\/#?secret=c8iJDkC7XF#?secret=ylCGfGZvkU\" data-secret=\"ylCGfGZvkU\" width=\"500\" height=\"282\" frameborder=\"0\" marginwidth=\"0\" marginheight=\"0\" scrolling=\"no\"><\/iframe><br \/>\nFUENTE. LA NACION.CL<br \/>\nFOTO. PURANOTICIA<br \/>\nMEDIO DE DIFUSI\u00d3N , SIN FIN DE LUCRO ALGUNO <\/p>\n","protected":false},"excerpt":{"rendered":"<p>Jos\u00e9 Antonio Kast, excandidato presidencial y l\u00edder del Partido Republicano, dirigi\u00f3 unas palabras a sus adherentes pasadas las 21 horas tras el avasallador triunfo de su colectividad en las elecciones de consejeros constitucionales que se llevaron a cabo este domingo en el pa\u00eds. \u201cHoy d\u00eda debo decir que no hay nada que celebrar. Y alguien [&hellip;]<\/p>\n","protected":false},"author":51,"featured_media":0,"comment_status":"open","ping_status":"open","sticky":false,"template":"","format":"standard","meta":{"footnotes":""},"categories":[8,9,5,16,1,11],"tags":[896,1126],"class_list":["post-28086","post","type-post","status-publish","format-standard","hentry","category-cultura","category-educacion","category-internacional","category-nacional","category-uncategorized","category-tendencias","tag-partido-republicano","tag-primer-partido-politico"],"_links":{"self":[{"href":"http:\/\/www.lanuevaopcion.cl\/index.php?rest_route=\/wp\/v2\/posts\/28086","targetHints":{"allow":["GET"]}}],"collection":[{"href":"http:\/\/www.lanuevaopcion.cl\/index.php?rest_route=\/wp\/v2\/posts"}],"about":[{"href":"http:\/\/www.lanuevaopcion.cl\/index.php?rest_route=\/wp\/v2\/types\/post"}],"author":[{"embeddable":true,"href":"http:\/\/www.lanuevaopcion.cl\/index.php?rest_route=\/wp\/v2\/users\/51"}],"replies":[{"embeddable":true,"href":"http:\/\/www.lanuevaopcion.cl\/index.php?rest_route=%2Fwp%2Fv2%2Fcomments&post=28086"}],"version-history":[{"count":5,"href":"http:\/\/www.lanuevaopcion.cl\/index.php?rest_route=\/wp\/v2\/posts\/28086\/revisions"}],"predecessor-version":[{"id":28091,"href":"http:\/\/www.lanuevaopcion.cl\/index.php?rest_route=\/wp\/v2\/posts\/28086\/revisions\/28091"}],"wp:attachment":[{"href":"http:\/\/www.lanuevaopcion.cl\/index.php?rest_route=%2Fwp%2Fv2%2Fmedia&parent=28086"}],"wp:term":[{"taxonomy":"category","embeddable":true,"href":"http:\/\/www.lanuevaopcion.cl\/index.php?rest_route=%2Fwp%2Fv2%2Fcategories&post=28086"},{"taxonomy":"post_tag","embeddable":true,"href":"http:\/\/www.lanuevaopcion.cl\/index.php?rest_route=%2Fwp%2Fv2%2Ftags&post=28086"}],"curies":[{"name":"wp","href":"https:\/\/api.w.org\/{rel}","templated":true}]}}