{"id":28083,"date":"2023-05-05T12:11:23","date_gmt":"2023-05-05T12:11:23","guid":{"rendered":"http:\/\/www.lanuevaopcion.cl\/?p=28083"},"modified":"2023-05-05T12:13:42","modified_gmt":"2023-05-05T12:13:42","slug":"marcel-sobre-gremios-pymes-que-rechazaron-acuerdo-por-sueldo-minimo-quisieron-%e2%80%9cplantear-temas-tributarios%e2%80%9d","status":"publish","type":"post","link":"http:\/\/www.lanuevaopcion.cl\/?p=28083","title":{"rendered":"MARCEL SOBRE GREMIOS PYMES QUE RECHAZARON ACUERDO POR SUELDO M\u00cdNIMO: QUISIERON \u201cPLANTEAR TEMAS TRIBUTARIOS\u201d"},"content":{"rendered":"<p><img loading=\"lazy\" decoding=\"async\"  alt=\"\" src=\"https:\/\/www.df.cl\/noticias\/site\/artic\/20191003\/imag\/foto_0000000120191003133351.jpg\" class=\"alignleft\" width=\"600\" height=\"400\" \/ class=\"alignleft\" style=\"margin-right:15px;margin-bottom:10px;float:left;\" ><br \/>\nUn grupo de 65 gremios pymes de todo el pa\u00eds, entre ellos Conapyme, Fedefruta, Fedeleche, Confederaci\u00f3n Nacional de Transporte de Carga (CNTC) y Chilepan, rechaz\u00f3 este jueves el acuerdo alcanzado por el Gobierno y un grupo de peque\u00f1as empresa para el salario m\u00ednimo de $500.000.<\/p>\n<p>El ministro de Hacienda, Mario Marcel, al ser consultado por el tema, indic\u00f3 que hubo organizaciones que \u201cfundamentalmente no estuvieron de acuerdo, hasta donde yo entiendo, porque ellos decidieron plantear temas tributarios que no son propios del ingreso m\u00ednimo\u201d.<br \/>\n<!--more--><br \/>\n\u201cTenemos que mostrar la voluntad de llegar a acuerdos, hay gremios que les cuesta llegar a acuerdos y el gobierno, al contrario, hemos mostrado una gran disposici\u00f3n a escuchar y a buscar los encuentros donde est\u00e9n, pero tambi\u00e9n es importante un cierto orden y l\u00f3gica de decisiones de pol\u00edtica p\u00fablica\u201d, a\u00f1adi\u00f3.<\/p>\n<p>El secretario de Estado subray\u00f3 que \u201ces lamentable que por la v\u00eda de agregar demandas sobre temas que no tienen que ver con el ingreso m\u00ednimo finalmente haga que un sector se reste a lo que de otra manera es un acuerdo bastante completo\u201d.<\/p>\n<p>\u201cApoyar a las pymes directamente para financiar el aumento de ingreso m\u00ednimo y el r\u00e9gimen tributario que se aplican a las pymes, son elementos totalmente distintos. Es lamentable que se quieran juntar ambas cosas cuando estos mismos gremios han participado y han sido invitados a otras discusiones de la reforma tributaria\u201d, recalc\u00f3.<\/p>\n<p>De esta manera, el titular de Hacienda valor\u00f3 que \u201chay un acuerdo sustantivo con aquellos que estuvieron dispuestos a conversar y a buscar puntos de encuentro, y las indicaciones del Ejecutivo, que se van a formular en el proyecto, se van a basar en ese acuerdo\u201d.<\/p>\n<blockquote class=\"wp-embedded-content\" data-secret=\"yj6iLvWSyj\"><p><a href=\"https:\/\/www.lanacion.cl\/marcel-sobre-gremios-pymes-que-rechazaron-acuerdo-por-sueldo-minimo-quisieron-plantear-temas-tributarios\/\">Marcel sobre gremios pymes que rechazaron acuerdo por sueldo m\u00ednimo: Quisieron &#8220;plantear temas tributarios&#8221;<\/a><\/p><\/blockquote>\n<p><iframe loading=\"lazy\" class=\"wp-embedded-content\" sandbox=\"allow-scripts\" security=\"restricted\" style=\"position: absolute; visibility: hidden;\" title=\"&#8220;Marcel sobre gremios pymes que rechazaron acuerdo por sueldo m\u00ednimo: Quisieron &#8220;plantear temas tributarios&#8221;&#8221; &#8212; La Naci\u00f3n\" src=\"https:\/\/www.lanacion.cl\/marcel-sobre-gremios-pymes-que-rechazaron-acuerdo-por-sueldo-minimo-quisieron-plantear-temas-tributarios\/embed\/#?secret=VYTW7dacEW#?secret=yj6iLvWSyj\" data-secret=\"yj6iLvWSyj\" width=\"500\" height=\"282\" frameborder=\"0\" marginwidth=\"0\" marginheight=\"0\" scrolling=\"no\"><\/iframe><br \/>\nFUENTE. LA NACION.CL<br \/>\nMEDIO DE DIFUSI\u00d3N , SIN FIN DE LUCRO <\/p>\n","protected":false},"excerpt":{"rendered":"<p>Un grupo de 65 gremios pymes de todo el pa\u00eds, entre ellos Conapyme, Fedefruta, Fedeleche, Confederaci\u00f3n Nacional de Transporte de Carga (CNTC) y Chilepan, rechaz\u00f3 este jueves el acuerdo alcanzado por el Gobierno y un grupo de peque\u00f1as empresa para el salario m\u00ednimo de $500.000. El ministro de Hacienda, Mario Marcel, al ser consultado por [&hellip;]<\/p>\n","protected":false},"author":51,"featured_media":0,"comment_status":"open","ping_status":"open","sticky":false,"template":"","format":"standard","meta":{"footnotes":""},"categories":[1],"tags":[],"class_list":["post-28083","post","type-post","status-publish","format-standard","hentry","category-uncategorized"],"_links":{"self":[{"href":"http:\/\/www.lanuevaopcion.cl\/index.php?rest_route=\/wp\/v2\/posts\/28083","targetHints":{"allow":["GET"]}}],"collection":[{"href":"http:\/\/www.lanuevaopcion.cl\/index.php?rest_route=\/wp\/v2\/posts"}],"about":[{"href":"http:\/\/www.lanuevaopcion.cl\/index.php?rest_route=\/wp\/v2\/types\/post"}],"author":[{"embeddable":true,"href":"http:\/\/www.lanuevaopcion.cl\/index.php?rest_route=\/wp\/v2\/users\/51"}],"replies":[{"embeddable":true,"href":"http:\/\/www.lanuevaopcion.cl\/index.php?rest_route=%2Fwp%2Fv2%2Fcomments&post=28083"}],"version-history":[{"count":2,"href":"http:\/\/www.lanuevaopcion.cl\/index.php?rest_route=\/wp\/v2\/posts\/28083\/revisions"}],"predecessor-version":[{"id":28085,"href":"http:\/\/www.lanuevaopcion.cl\/index.php?rest_route=\/wp\/v2\/posts\/28083\/revisions\/28085"}],"wp:attachment":[{"href":"http:\/\/www.lanuevaopcion.cl\/index.php?rest_route=%2Fwp%2Fv2%2Fmedia&parent=28083"}],"wp:term":[{"taxonomy":"category","embeddable":true,"href":"http:\/\/www.lanuevaopcion.cl\/index.php?rest_route=%2Fwp%2Fv2%2Fcategories&post=28083"},{"taxonomy":"post_tag","embeddable":true,"href":"http:\/\/www.lanuevaopcion.cl\/index.php?rest_route=%2Fwp%2Fv2%2Ftags&post=28083"}],"curies":[{"name":"wp","href":"https:\/\/api.w.org\/{rel}","templated":true}]}}