{"id":28081,"date":"2023-05-04T11:45:46","date_gmt":"2023-05-04T11:45:46","guid":{"rendered":"http:\/\/www.lanuevaopcion.cl\/?p=28081"},"modified":"2023-05-04T11:45:46","modified_gmt":"2023-05-04T11:45:46","slug":"fiscalia-formalizara-a-torrealba-por-fraude-al-fisco-y-asociacion-ilicita-audiencia-sera-el-proximo-6-de-junio","status":"publish","type":"post","link":"http:\/\/www.lanuevaopcion.cl\/?p=28081","title":{"rendered":"FISCAL\u00cdA FORMALIZAR\u00c1 A TORREALBA POR FRAUDE AL FISCO Y ASOCIACI\u00d3N IL\u00cdCITA: AUDIENCIA SER\u00c1 EL PR\u00d3XIMO 6 DE JUNIO"},"content":{"rendered":"<p><img loading=\"lazy\" decoding=\"async\"  alt=\"\" src=\"https:\/\/cambio21.cl\/image\/63837c45aa2d7472b34c36d5.jpg\" class=\"alignleft\" width=\"586\" height=\"490\" \/ class=\"alignleft\" style=\"margin-right:15px;margin-bottom:10px;float:left;\" ><br \/>\nLa Fiscal\u00eda Metropolitana Centro Norte anunci\u00f3 este mi\u00e9rcoles que formalizar\u00e1 al exalcalde de Vitacura, Ra\u00fal Torrealba, por los delitos de fraude al fisco y asociaci\u00f3n il\u00edcita. La fiscal\u00eda solicit\u00f3 audiencia al Cuarto Juzgado de Garant\u00eda de Santiago y el tribunal la fij\u00f3 para el pr\u00f3ximo 6 de junio.<\/p>\n<p>La solicitud fue presentada por el fiscal regional Metropolitano Centro Norte, Xavier Armendariz, y el fiscal jefe de la Fiscal\u00eda local Santiago Centro, Francisco Jacir. La formalizaci\u00f3n tambi\u00e9n efectar\u00e1 al exdirectivo y jefe de finanzas de las corporaciones \u201cVita\u201d, Domingo Prieto.<br \/>\n<!--more--><br \/>\nAdem\u00e1s, ser\u00e1n formalizados la exdirectora (s) de Desarrollo Comunitario, Antonia Larra\u00edn, y los excontadores Arnaldo Ca\u00f1as y Augusto C\u00e9sar Silva, quienes denunciaron los hechos en que se vieron involucrados en contra de su voluntad, seg\u00fan dijeron, ya que habr\u00edan seguido instrucciones de Prieto.<\/p>\n<p>Este martes se difundi\u00f3 la declaraci\u00f3n de Torrealba ante del fiscal Jacir, en la cual asegur\u00f3 que \u201cjam\u00e1s me val\u00ed de mi cargo para enriquecerme\u201d. Respecto del dinero en efectivo que habr\u00eda requerido de los programas Vita, si bien reconoci\u00f3 que en ocasiones se solicit\u00f3, afirm\u00f3 que \u201cten\u00eda por objeto hacer frente a gastos en los eventos que los Vita organizaban y en los que, habitualmente, participaba como alcalde\u201d.<\/p>\n<p>Torrealba tambi\u00e9n afirm\u00f3 que \u201cen mis m\u00e1s de 25 a\u00f1os como alcalde de la comuna de Vitacura, jam\u00e1s me val\u00ed del cargo para enriquecerme y que muchas de las noticias que han aparecido en la prensa no tienen ning\u00fan sustento en la realidad, ni tampoco en los antecedentes que se han recopilado en esta investigaci\u00f3n. Siempre fui muy cuidadoso en el manejo de dineros municipales, al punto que jam\u00e1s tuve un reproche de la Contralor\u00eda General de la Rep\u00fablica. Dej\u00e9 la municipalidad sin ninguna deuda. El dinero de Vitacura est\u00e1 en Vitacura\u201d.<\/p>\n<p>En cuanto a los cinco millones de pesos que supuestamente recib\u00eda de parte de Domingo Prieto, encargado de los programas Vita, Torrealba se\u00f1al\u00f3 tajantemente que \u201cnunca di esa instrucci\u00f3n ni tengo recuerdo de haber recibido de ella (Antonia Larra\u00edn) esa suma de dinero. Tampoco lo recib\u00ed de Domingo Prieto. A los se\u00f1ores (Augusto) Silva y (Arnaldo) Ca\u00f1as (ambos denunciantes) no los conozco. A su consulta de por qu\u00e9 ellos refieren lo anterior, se\u00f1alo que lo ignoro, pues como lo demostraremos junto a mis abogados, y espero poder acompa\u00f1ar pronto a la investigaci\u00f3n, todos los dineros habidos en mis cuentas bancarias tienen un origen leg\u00edtimo y una explicaci\u00f3n\u201d.<\/p>\n<p>Sin embargo, en otra parte del interrogatorio reconoci\u00f3 recibir montos de dinero en efectivo pero los justific\u00f3 indicando que eran usados para actividades en que el municipio participa con Vita: \u201cQuiero aclarar que efectivamente recib\u00ed dinero en efectivo de Antonia (Larra\u00edn), el que le solicit\u00e9, pero ten\u00eda por objeto hacer frente a gastos en los eventos que los Vita organizaban y en los que, habitualmente, participaba como alcalde\u201d.<\/p>\n<p>Sobre los montos indagados y el levantamiento del secreto bancario, descart\u00f3 los montos que se han asociado a sus cuentas. \u201cNunca he tenido una cuenta con dos mil millones de pesos en alg\u00fan momento determinado a mi disposici\u00f3n. Nosotros vamos a entregar a la fiscal\u00eda el detalle acabado de los movimientos de las mismas\u201d.<\/p>\n<p>Hacia el final de su declaraci\u00f3n, indic\u00f3: \u201cMe gustar\u00eda se\u00f1alar que se han dicho muchas cosas que no son ciertas, como por ejemplo que la polic\u00eda habr\u00eda encontrado dinero en mi domicilio de Colico escondido \u2018en los muros\u2019, lo que no es cierto, y constituye una afirmaci\u00f3n sin fundamento alguno. Desde que me jubil\u00e9 paso buena parte del a\u00f1o en Colico, por lo que estaba presente al momento de la diligencia. Nada de eso ocurri\u00f3 y la misma polic\u00eda inform\u00f3 que en la diligencia de entrada y registro solo se incaut\u00f3 un computador\u201d.<\/p>\n<blockquote class=\"wp-embedded-content\" data-secret=\"CDZy9owoKN\"><p><a href=\"https:\/\/www.lanacion.cl\/fiscalia-formalizara-a-torrealba-por-fraude-al-fisco-y-asociacion-ilicita-audiencia-sera-el-proximo-6-de-junio\/\">Fiscal\u00eda formalizar\u00e1 a Torrealba por fraude al fisco y asociaci\u00f3n il\u00edcita: audiencia ser\u00e1 el pr\u00f3ximo 6 de junio<\/a><\/p><\/blockquote>\n<p><iframe loading=\"lazy\" class=\"wp-embedded-content\" sandbox=\"allow-scripts\" security=\"restricted\" style=\"position: absolute; visibility: hidden;\" title=\"&#8220;Fiscal\u00eda formalizar\u00e1 a Torrealba por fraude al fisco y asociaci\u00f3n il\u00edcita: audiencia ser\u00e1 el pr\u00f3ximo 6 de junio&#8221; &#8212; La Naci\u00f3n\" src=\"https:\/\/www.lanacion.cl\/fiscalia-formalizara-a-torrealba-por-fraude-al-fisco-y-asociacion-ilicita-audiencia-sera-el-proximo-6-de-junio\/embed\/#?secret=Zngx4GS7Ju#?secret=CDZy9owoKN\" data-secret=\"CDZy9owoKN\" width=\"500\" height=\"282\" frameborder=\"0\" marginwidth=\"0\" marginheight=\"0\" scrolling=\"no\"><\/iframe><br \/>\nFUENTE. LA NACION.CL<br \/>\nFOTO. CAMBIO 21<br \/>\nMEDIO DE DIFUSI\u00d3N , SIN FIN DE LUCRO ALGUNO <\/p>\n","protected":false},"excerpt":{"rendered":"<p>La Fiscal\u00eda Metropolitana Centro Norte anunci\u00f3 este mi\u00e9rcoles que formalizar\u00e1 al exalcalde de Vitacura, Ra\u00fal Torrealba, por los delitos de fraude al fisco y asociaci\u00f3n il\u00edcita. La fiscal\u00eda solicit\u00f3 audiencia al Cuarto Juzgado de Garant\u00eda de Santiago y el tribunal la fij\u00f3 para el pr\u00f3ximo 6 de junio. La solicitud fue presentada por el fiscal [&hellip;]<\/p>\n","protected":false},"author":51,"featured_media":0,"comment_status":"open","ping_status":"open","sticky":false,"template":"","format":"standard","meta":{"footnotes":""},"categories":[8,4,9,5,16,30,1,31],"tags":[315,474],"class_list":["post-28081","post","type-post","status-publish","format-standard","hentry","category-cultura","category-economia","category-educacion","category-internacional","category-nacional","category-policial","category-uncategorized","category-salud","tag-fiscalia","tag-fraude-al-fisco"],"_links":{"self":[{"href":"http:\/\/www.lanuevaopcion.cl\/index.php?rest_route=\/wp\/v2\/posts\/28081","targetHints":{"allow":["GET"]}}],"collection":[{"href":"http:\/\/www.lanuevaopcion.cl\/index.php?rest_route=\/wp\/v2\/posts"}],"about":[{"href":"http:\/\/www.lanuevaopcion.cl\/index.php?rest_route=\/wp\/v2\/types\/post"}],"author":[{"embeddable":true,"href":"http:\/\/www.lanuevaopcion.cl\/index.php?rest_route=\/wp\/v2\/users\/51"}],"replies":[{"embeddable":true,"href":"http:\/\/www.lanuevaopcion.cl\/index.php?rest_route=%2Fwp%2Fv2%2Fcomments&post=28081"}],"version-history":[{"count":1,"href":"http:\/\/www.lanuevaopcion.cl\/index.php?rest_route=\/wp\/v2\/posts\/28081\/revisions"}],"predecessor-version":[{"id":28082,"href":"http:\/\/www.lanuevaopcion.cl\/index.php?rest_route=\/wp\/v2\/posts\/28081\/revisions\/28082"}],"wp:attachment":[{"href":"http:\/\/www.lanuevaopcion.cl\/index.php?rest_route=%2Fwp%2Fv2%2Fmedia&parent=28081"}],"wp:term":[{"taxonomy":"category","embeddable":true,"href":"http:\/\/www.lanuevaopcion.cl\/index.php?rest_route=%2Fwp%2Fv2%2Fcategories&post=28081"},{"taxonomy":"post_tag","embeddable":true,"href":"http:\/\/www.lanuevaopcion.cl\/index.php?rest_route=%2Fwp%2Fv2%2Ftags&post=28081"}],"curies":[{"name":"wp","href":"https:\/\/api.w.org\/{rel}","templated":true}]}}