{"id":28079,"date":"2023-05-03T11:13:03","date_gmt":"2023-05-03T11:13:03","guid":{"rendered":"http:\/\/www.lanuevaopcion.cl\/?p=28079"},"modified":"2023-05-03T11:13:03","modified_gmt":"2023-05-03T11:13:03","slug":"funcionarios-de-la-embajada-de-venezuela-entrevistaran-a-connacionales-que-estan-en-el-paso-chacalluta","status":"publish","type":"post","link":"http:\/\/www.lanuevaopcion.cl\/?p=28079","title":{"rendered":"FUNCIONARIOS DE LA EMBAJADA DE VENEZUELA ENTREVISTAR\u00c1N A CONNACIONALES QUE EST\u00c1N EN EL PASO CHACALLUTA"},"content":{"rendered":"<p><img loading=\"lazy\" decoding=\"async\"  alt=\"\" src=\"https:\/\/www.epicentrochile.com\/wp-content\/uploads\/2021\/11\/chacalluta.jpg\" class=\"alignleft\" width=\"650\" height=\"436\" \/ class=\"alignleft\" style=\"margin-right:15px;margin-bottom:10px;float:left;\" ><br \/>\nEl ministro (s) del Interior, Manuel Monsalve, inform\u00f3 que la Embajada de Venezuela en Chile envi\u00f3 funcionarios ante la compleja situaci\u00f3n que atraviesan cientos de compatriotas en la L\u00ednea de la Concordia, donde permanecen varados al no poder ingresar a Tacna por no tener su documentaci\u00f3n al d\u00eda.<\/p>\n<p>\u201cHoy en la ma\u00f1ana, la embajada venezolana instal\u00f3 puntos y personas para hacer entrevistas a sus connacionales que est\u00e1n en el l\u00edmite entre Chile y Per\u00fa. Eso fue conversado con la embajada y hoy, ellos tienen espacios disponibles en el complejo fronterizo para llevar adelante esa tarea\u201d, inform\u00f3 Monsalve desde La Moneda.<br \/>\n<!--more--><br \/>\nMonsalve destac\u00f3 que se trata de \u201cuna buena se\u00f1al, que abre las puertas a ser optimistas a la posibilidad de tener un acuerdo que permita viabilizar el traslado de los ciudadanos venezolanos que est\u00e1n en la frontera norte a su pa\u00eds\u201d.<\/p>\n<p>\u201cChile tiene abierto los canales diplom\u00e1ticos para buscar un acuerdo, que puede ser un corredor humanitario terrestre o tambi\u00e9n pudiera ser la disposici\u00f3n de Venezuela de trasladar a sus connacionales v\u00eda a\u00e9rea desde Chile a Caracas, eso se est\u00e1 conversando y creemos que es una conversaci\u00f3n que puede tener buenos resultados\u201d, consign\u00f3.<\/p>\n<p>Respecto a la mejor manera de enviar a los afectados a su pa\u00eds, el subsecretario subray\u00f3 que \u201clo m\u00e1s conveniente es lo que permita un acuerdo, ya sea terrestre o v\u00eda a\u00e9rea. Lo que importa es que tengamos un acuerdo con el pa\u00eds de origen\u201d.<\/p>\n<p>Ante la posibilidad de que los traslados queden en manos de la Fuerza A\u00e9rea, el representante del Gobierno aclar\u00f3 que \u201cme gustar\u00eda un acuerdo que permitiera que el estado venezolano se haga cargo del retorno de sus connacionales a su pa\u00eds. Esperamos que ese sea el camino, pero no descartamos ninguna alternativa\u201d.<\/p>\n<p>Finalmente, Monsalve asever\u00f3 que est\u00e1n avanzando en las conversaciones con Per\u00fa para permitir un ingreso humanitario de menores de edad, mujeres embarazadas o adultos mayores.<\/p>\n<blockquote class=\"wp-embedded-content\" data-secret=\"27L8OURRJ3\"><p><a href=\"https:\/\/www.lanacion.cl\/funcionarios-de-la-embajada-de-venezuela-entrevistaran-a-connacionales-que-estan-en-el-paso-chacalluta\/\">Funcionarios de la Embajada de Venezuela entrevistar\u00e1n a connacionales que est\u00e1n en el paso Chacalluta<\/a><\/p><\/blockquote>\n<p><iframe loading=\"lazy\" class=\"wp-embedded-content\" sandbox=\"allow-scripts\" security=\"restricted\" style=\"position: absolute; visibility: hidden;\" title=\"&#8220;Funcionarios de la Embajada de Venezuela entrevistar\u00e1n a connacionales que est\u00e1n en el paso Chacalluta&#8221; &#8212; La Naci\u00f3n\" src=\"https:\/\/www.lanacion.cl\/funcionarios-de-la-embajada-de-venezuela-entrevistaran-a-connacionales-que-estan-en-el-paso-chacalluta\/embed\/#?secret=jO3Z1mJMXn#?secret=27L8OURRJ3\" data-secret=\"27L8OURRJ3\" width=\"500\" height=\"282\" frameborder=\"0\" marginwidth=\"0\" marginheight=\"0\" scrolling=\"no\"><\/iframe><br \/>\nFUENTE. LA NACION .CL<br \/>\nFOTO. EPICENTRO CHILE<br \/>\nMEDIO DE DIFUSI\u00d3N , SIN FIN DE LUCRO ALGUNO <\/p>\n","protected":false},"excerpt":{"rendered":"<p>El ministro (s) del Interior, Manuel Monsalve, inform\u00f3 que la Embajada de Venezuela en Chile envi\u00f3 funcionarios ante la compleja situaci\u00f3n que atraviesan cientos de compatriotas en la L\u00ednea de la Concordia, donde permanecen varados al no poder ingresar a Tacna por no tener su documentaci\u00f3n al d\u00eda. \u201cHoy en la ma\u00f1ana, la embajada venezolana [&hellip;]<\/p>\n","protected":false},"author":51,"featured_media":0,"comment_status":"open","ping_status":"open","sticky":false,"template":"","format":"standard","meta":{"footnotes":""},"categories":[8,4,9,5,16,1,31,11],"tags":[],"class_list":["post-28079","post","type-post","status-publish","format-standard","hentry","category-cultura","category-economia","category-educacion","category-internacional","category-nacional","category-uncategorized","category-salud","category-tendencias"],"_links":{"self":[{"href":"http:\/\/www.lanuevaopcion.cl\/index.php?rest_route=\/wp\/v2\/posts\/28079","targetHints":{"allow":["GET"]}}],"collection":[{"href":"http:\/\/www.lanuevaopcion.cl\/index.php?rest_route=\/wp\/v2\/posts"}],"about":[{"href":"http:\/\/www.lanuevaopcion.cl\/index.php?rest_route=\/wp\/v2\/types\/post"}],"author":[{"embeddable":true,"href":"http:\/\/www.lanuevaopcion.cl\/index.php?rest_route=\/wp\/v2\/users\/51"}],"replies":[{"embeddable":true,"href":"http:\/\/www.lanuevaopcion.cl\/index.php?rest_route=%2Fwp%2Fv2%2Fcomments&post=28079"}],"version-history":[{"count":1,"href":"http:\/\/www.lanuevaopcion.cl\/index.php?rest_route=\/wp\/v2\/posts\/28079\/revisions"}],"predecessor-version":[{"id":28080,"href":"http:\/\/www.lanuevaopcion.cl\/index.php?rest_route=\/wp\/v2\/posts\/28079\/revisions\/28080"}],"wp:attachment":[{"href":"http:\/\/www.lanuevaopcion.cl\/index.php?rest_route=%2Fwp%2Fv2%2Fmedia&parent=28079"}],"wp:term":[{"taxonomy":"category","embeddable":true,"href":"http:\/\/www.lanuevaopcion.cl\/index.php?rest_route=%2Fwp%2Fv2%2Fcategories&post=28079"},{"taxonomy":"post_tag","embeddable":true,"href":"http:\/\/www.lanuevaopcion.cl\/index.php?rest_route=%2Fwp%2Fv2%2Ftags&post=28079"}],"curies":[{"name":"wp","href":"https:\/\/api.w.org\/{rel}","templated":true}]}}