{"id":27941,"date":"2023-02-28T10:33:58","date_gmt":"2023-02-28T10:33:58","guid":{"rendered":"http:\/\/www.lanuevaopcion.cl\/?p=27941"},"modified":"2023-02-28T10:33:58","modified_gmt":"2023-02-28T10:33:58","slug":"boric-descarto-%e2%80%9cpresiones-de-los-partidos%e2%80%9d-ante-rumores-de-cambio-de-gabinete","status":"publish","type":"post","link":"http:\/\/www.lanuevaopcion.cl\/?p=27941","title":{"rendered":"BORIC DESCART\u00d3 \u201cPRESIONES DE LOS PARTIDOS\u201d ANTE RUMORES DE CAMBIO DE GABINETE"},"content":{"rendered":"<p><img loading=\"lazy\" decoding=\"async\"  alt=\"\" src=\"https:\/\/storage.googleapis.com\/lanacion-media-storage\/2023\/02\/0dcba57d-foto-boric-hoy-533x261.jpg\" class=\"alignleft\" width=\"533\" height=\"261\" \/ class=\"alignleft\" style=\"margin-right:15px;margin-bottom:10px;float:left;\" ><br \/>\nEl Presidente Gabriel Boric volvi\u00f3 este lunes de sus vacaciones en medio de una serie de rumores de un eventual cambio de gabinete.<\/p>\n<p>Distintas bancadas pol\u00edticas han solicitado este cambio, incluso desde el propio oficialismo, ya que Socialismo Democr\u00e1tico pide m\u00e1s presencia, especialmente a nivel de Subsecretar\u00edas.<\/p>\n<p>El Mandatario indic\u00f3 desde La Moneda que \u201cel gabinete est\u00e1 funcionando y si llegase a haber, cosa que siempre estoy evaluando a mis ministros, eso sucede, no se anuncia\u201d.<br \/>\n<!--more--><br \/>\nRemarc\u00f3 que \u201cno ha habido presiones de los partidos. Con los partidos permanentemente estamos conversamos. Los partidos son muy respetuosos de la autoridad presidencial de poder elegir a nuestros colaboradores\u201d.<\/p>\n<p>\u201cY mi intenci\u00f3n e inter\u00e9s es proyectar esta alianza de gobierno en el largo plazo, por lo tanto siempre estoy conversando con ellos y no en una l\u00f3gica de presiones. Yo no me he sentido as\u00ed por lo menos. Y les puedo decir que siempre estamos evaluando a nuestros equipos\u201d, sostuvo.<\/p>\n<p>Quien tambi\u00e9n abord\u00f3 el tema fue la vocera de Gobierno, Camila Vallejo, quien afirm\u00f3 que la discusi\u00f3n \u201ces natural. Lo hemos visto en otros gobiernos, en todos los gobiernos cada cierto tiempo se producen este tipo de discusiones, de presiones a trav\u00e9s de la prensa o incluso en instancias reservadas\u201d.<\/p>\n<p>Sin embargo, la ministra remarc\u00f3 que \u201cesto es una atribuci\u00f3n exclusiva del Presidente de la Rep\u00fablica, no corresponde a ning\u00fan ministro o ministra referirnos a algo que tiene que ver con una exclusiva atribuci\u00f3n, que es parte de una evaluaci\u00f3n que hacen los presidentes y presidentas en nuestro pa\u00eds respecto a la conformaci\u00f3n de sus equipos\u201d.<br \/>\nhttps:\/\/www.lanacion.cl\/boric-descarto-presiones-de-los-partidos-ante-rumores-de-cambio-de-gabinete\/<br \/>\nFUENTE. LA NACION. CL<br \/>\nMEDIO DE DIFUSI\u00d3N , SIN FIN DE LUCRO ALGUNO<\/p>\n","protected":false},"excerpt":{"rendered":"<p>El Presidente Gabriel Boric volvi\u00f3 este lunes de sus vacaciones en medio de una serie de rumores de un eventual cambio de gabinete. Distintas bancadas pol\u00edticas han solicitado este cambio, incluso desde el propio oficialismo, ya que Socialismo Democr\u00e1tico pide m\u00e1s presencia, especialmente a nivel de Subsecretar\u00edas. El Mandatario indic\u00f3 desde La Moneda que \u201cel [&hellip;]<\/p>\n","protected":false},"author":51,"featured_media":0,"comment_status":"open","ping_status":"open","sticky":false,"template":"","format":"standard","meta":{"footnotes":""},"categories":[8,7,4,9,16,1,31,11],"tags":[432,878],"class_list":["post-27941","post","type-post","status-publish","format-standard","hentry","category-cultura","category-deporte","category-economia","category-educacion","category-nacional","category-uncategorized","category-salud","category-tendencias","tag-cambio-de-gabinete","tag-presidente-boric"],"_links":{"self":[{"href":"http:\/\/www.lanuevaopcion.cl\/index.php?rest_route=\/wp\/v2\/posts\/27941","targetHints":{"allow":["GET"]}}],"collection":[{"href":"http:\/\/www.lanuevaopcion.cl\/index.php?rest_route=\/wp\/v2\/posts"}],"about":[{"href":"http:\/\/www.lanuevaopcion.cl\/index.php?rest_route=\/wp\/v2\/types\/post"}],"author":[{"embeddable":true,"href":"http:\/\/www.lanuevaopcion.cl\/index.php?rest_route=\/wp\/v2\/users\/51"}],"replies":[{"embeddable":true,"href":"http:\/\/www.lanuevaopcion.cl\/index.php?rest_route=%2Fwp%2Fv2%2Fcomments&post=27941"}],"version-history":[{"count":1,"href":"http:\/\/www.lanuevaopcion.cl\/index.php?rest_route=\/wp\/v2\/posts\/27941\/revisions"}],"predecessor-version":[{"id":27942,"href":"http:\/\/www.lanuevaopcion.cl\/index.php?rest_route=\/wp\/v2\/posts\/27941\/revisions\/27942"}],"wp:attachment":[{"href":"http:\/\/www.lanuevaopcion.cl\/index.php?rest_route=%2Fwp%2Fv2%2Fmedia&parent=27941"}],"wp:term":[{"taxonomy":"category","embeddable":true,"href":"http:\/\/www.lanuevaopcion.cl\/index.php?rest_route=%2Fwp%2Fv2%2Fcategories&post=27941"},{"taxonomy":"post_tag","embeddable":true,"href":"http:\/\/www.lanuevaopcion.cl\/index.php?rest_route=%2Fwp%2Fv2%2Ftags&post=27941"}],"curies":[{"name":"wp","href":"https:\/\/api.w.org\/{rel}","templated":true}]}}