{"id":27939,"date":"2023-02-27T12:43:39","date_gmt":"2023-02-27T12:43:39","guid":{"rendered":"http:\/\/www.lanuevaopcion.cl\/?p=27939"},"modified":"2023-02-27T12:43:39","modified_gmt":"2023-02-27T12:43:39","slug":"liceos-emblematicos-de-santiago-no-completaron-sus-cupos-tras-proceso-de-matriculas","status":"publish","type":"post","link":"http:\/\/www.lanuevaopcion.cl\/?p=27939","title":{"rendered":"LICEOS EMBLEM\u00c1TICOS DE SANTIAGO NO COMPLETARON SUS CUPOS TRAS PROCESO DE MATR\u00cdCULAS"},"content":{"rendered":"<p><img loading=\"lazy\" decoding=\"async\"  alt=\"\" src=\"https:\/\/cdn.shortpixel.ai\/spai\/w_325+q_lossless+ret_img+to_webp\/https:\/\/storage.googleapis.com\/lanacion-media-storage\/2022\/10\/e086c9d9-foto-instituto-533x261.jpg\" class=\"alignleft\" width=\"533\" height=\"261\" \/ class=\"alignleft\" style=\"margin-right:15px;margin-bottom:10px;float:left;\" ><br \/>\nUna realidad distinta a lo que ocurr\u00eda hace algunos a\u00f1os, cuando eran los planteles m\u00e1s cotizados por los apoderados, viven actualmente los llamados liceos \u201cemblem\u00e1ticos\u201d de Santiago.<\/p>\n<p>En estos establecimientos de la comuna se hicieron frecuentes en el \u00faltimo a\u00f1o las jornadas de violencia y movilizaciones de estudiantes.<\/p>\n<p>Ello habr\u00eda incidido en que los liceos tradicionales ya no est\u00e9n completando todos sus cupos mediante el Sistema de Admisi\u00f3n Escolar, consign\u00f3 El Mercurio.<br \/>\n<!--more--><br \/>\nSeg\u00fan cifras de la Municipalidad de Santiago a las que accedi\u00f3 El Mercurio por Ley de Transparencia, ninguno de los establecimientos emblem\u00e1ticos de la comuna llen\u00f3 sus vacantes tras las matr\u00edculas de diciembre y enero.<\/p>\n<p>En el Instituto Nacional sobraron 167 cupos; en el Liceo N\u00b01 Javiera Carrera 153; en el Manuel Barros Borgo\u00f1o 245; en el Internado Nacional Barros Arana (INBA) 526 y en el Liceo de Aplicaci\u00f3n 531.<br \/>\nhttps:\/\/www.lanacion.cl\/liceos-emblematicos-de-santiago-no-completaron-sus-cupos-tras-proceso-de-matriculas\/<br \/>\nFUENTE. LA NACION.CL<br \/>\nMEDIO DE DIFUSI\u00d3N , SIN FIN DE LUCRO ALGUNO <\/p>\n","protected":false},"excerpt":{"rendered":"<p>Una realidad distinta a lo que ocurr\u00eda hace algunos a\u00f1os, cuando eran los planteles m\u00e1s cotizados por los apoderados, viven actualmente los llamados liceos \u201cemblem\u00e1ticos\u201d de Santiago. En estos establecimientos de la comuna se hicieron frecuentes en el \u00faltimo a\u00f1o las jornadas de violencia y movilizaciones de estudiantes. Ello habr\u00eda incidido en que los liceos [&hellip;]<\/p>\n","protected":false},"author":51,"featured_media":0,"comment_status":"open","ping_status":"open","sticky":false,"template":"","format":"standard","meta":{"footnotes":""},"categories":[8,4,9,16,1,31,11],"tags":[1634,397],"class_list":["post-27939","post","type-post","status-publish","format-standard","hentry","category-cultura","category-economia","category-educacion","category-nacional","category-uncategorized","category-salud","category-tendencias","tag-educacion","tag-instituto-nacional"],"_links":{"self":[{"href":"http:\/\/www.lanuevaopcion.cl\/index.php?rest_route=\/wp\/v2\/posts\/27939","targetHints":{"allow":["GET"]}}],"collection":[{"href":"http:\/\/www.lanuevaopcion.cl\/index.php?rest_route=\/wp\/v2\/posts"}],"about":[{"href":"http:\/\/www.lanuevaopcion.cl\/index.php?rest_route=\/wp\/v2\/types\/post"}],"author":[{"embeddable":true,"href":"http:\/\/www.lanuevaopcion.cl\/index.php?rest_route=\/wp\/v2\/users\/51"}],"replies":[{"embeddable":true,"href":"http:\/\/www.lanuevaopcion.cl\/index.php?rest_route=%2Fwp%2Fv2%2Fcomments&post=27939"}],"version-history":[{"count":1,"href":"http:\/\/www.lanuevaopcion.cl\/index.php?rest_route=\/wp\/v2\/posts\/27939\/revisions"}],"predecessor-version":[{"id":27940,"href":"http:\/\/www.lanuevaopcion.cl\/index.php?rest_route=\/wp\/v2\/posts\/27939\/revisions\/27940"}],"wp:attachment":[{"href":"http:\/\/www.lanuevaopcion.cl\/index.php?rest_route=%2Fwp%2Fv2%2Fmedia&parent=27939"}],"wp:term":[{"taxonomy":"category","embeddable":true,"href":"http:\/\/www.lanuevaopcion.cl\/index.php?rest_route=%2Fwp%2Fv2%2Fcategories&post=27939"},{"taxonomy":"post_tag","embeddable":true,"href":"http:\/\/www.lanuevaopcion.cl\/index.php?rest_route=%2Fwp%2Fv2%2Ftags&post=27939"}],"curies":[{"name":"wp","href":"https:\/\/api.w.org\/{rel}","templated":true}]}}