{"id":27936,"date":"2023-02-24T07:37:36","date_gmt":"2023-02-24T07:37:36","guid":{"rendered":"http:\/\/www.lanuevaopcion.cl\/?p=27936"},"modified":"2023-02-24T07:37:36","modified_gmt":"2023-02-24T07:37:36","slug":"diputado-rivas-y-eventual-expulsion-del-pdg-%e2%80%9chare-uso-de-mi-derecho-de-apelacion%e2%80%9d","status":"publish","type":"post","link":"http:\/\/www.lanuevaopcion.cl\/?p=27936","title":{"rendered":"DIPUTADO RIVAS Y EVENTUAL EXPULSI\u00d3N DEL PDG: \u201cHAR\u00c9 USO DE MI DERECHO DE APELACI\u00d3N\u201d"},"content":{"rendered":"<p><img loading=\"lazy\" decoding=\"async\"  alt=\"\" src=\"https:\/\/cdn.shortpixel.ai\/spai\/w_325+q_lossless+ret_img+to_webp\/https:\/\/storage.googleapis.com\/lanacion-media-storage\/2021\/11\/ea74500a-foto-gaspar-533x261.jpg\" class=\"alignnone\" width=\"533\" height=\"261\" \/ class=\"alignleft\" style=\"margin-right:15px;margin-bottom:10px;float:left;\" ><br \/>\nEl diputado Gaspar Rivas (PDG), se refiri\u00f3 a la decisi\u00f3n del Tribunal Regional de Valpara\u00edso sobre su expulsi\u00f3n de la colectividad y aclar\u00f3 que este es un proceso que todav\u00eda no ha terminado.<\/p>\n<p>\u201cEn mi calidad de militante del partido yo no estoy oficialmente expulsado, porque todav\u00eda caben recursos en contra de la sentencia de la primera instancia como el recurso del Tribunal Supremo Nacional\u201d, indic\u00f3.<\/p>\n<p>El parlamentario detall\u00f3 que \u201char\u00e9 uso de mi derecho de apelaci\u00f3n para que sea el Tribunal Supremo Nacional del partido, el que defina si corresponde o no la aplicaci\u00f3n de esta sanci\u00f3n que, a mi juicio, no corresponde y que se pronuncie tambi\u00e9n respecto de las justificaciones y contextualizaciones en las cuales ocurrieron los hechos que son materia de la denuncia en mi contra y que habr\u00eda motivado la expulsi\u00f3n en primera instancia\u201d.<br \/>\n<!--more--><br \/>\nJunto a lo anterior, Rivas se refiri\u00f3 al respaldo que ha recibido por parte de sus compa\u00f1eros de partido.<\/p>\n<p>\u201cQuiero ser claro y enf\u00e1tico: Cuento con el respaldo de la m\u00e1s amplia mayor\u00eda de los militantes del Partido de la Gente y la denuncia en mi contra solamente representa a una minor\u00eda de militantes de la V regi\u00f3n y algunos otros sectores del pa\u00eds\u201d, aclar\u00f3.<br \/>\nhttps:\/\/www.lanacion.cl\/diputado-rivas-y-eventual-expulsion-del-pdg-hare-uso-de-mi-derecho-de-apelacion\/<br \/>\nFUENTE. LA NACION.CL<br \/>\nMEDIO DE DIFUSI\u00d3N , SIN FIN DE LUCRO ALGUNO <\/p>\n","protected":false},"excerpt":{"rendered":"<p>El diputado Gaspar Rivas (PDG), se refiri\u00f3 a la decisi\u00f3n del Tribunal Regional de Valpara\u00edso sobre su expulsi\u00f3n de la colectividad y aclar\u00f3 que este es un proceso que todav\u00eda no ha terminado. \u201cEn mi calidad de militante del partido yo no estoy oficialmente expulsado, porque todav\u00eda caben recursos en contra de la sentencia de [&hellip;]<\/p>\n","protected":false},"author":51,"featured_media":0,"comment_status":"open","ping_status":"open","sticky":false,"template":"","format":"standard","meta":{"footnotes":""},"categories":[8,4,9,5,16,1,31,11],"tags":[144],"class_list":["post-27936","post","type-post","status-publish","format-standard","hentry","category-cultura","category-economia","category-educacion","category-internacional","category-nacional","category-uncategorized","category-salud","category-tendencias","tag-diputados"],"_links":{"self":[{"href":"http:\/\/www.lanuevaopcion.cl\/index.php?rest_route=\/wp\/v2\/posts\/27936","targetHints":{"allow":["GET"]}}],"collection":[{"href":"http:\/\/www.lanuevaopcion.cl\/index.php?rest_route=\/wp\/v2\/posts"}],"about":[{"href":"http:\/\/www.lanuevaopcion.cl\/index.php?rest_route=\/wp\/v2\/types\/post"}],"author":[{"embeddable":true,"href":"http:\/\/www.lanuevaopcion.cl\/index.php?rest_route=\/wp\/v2\/users\/51"}],"replies":[{"embeddable":true,"href":"http:\/\/www.lanuevaopcion.cl\/index.php?rest_route=%2Fwp%2Fv2%2Fcomments&post=27936"}],"version-history":[{"count":2,"href":"http:\/\/www.lanuevaopcion.cl\/index.php?rest_route=\/wp\/v2\/posts\/27936\/revisions"}],"predecessor-version":[{"id":27938,"href":"http:\/\/www.lanuevaopcion.cl\/index.php?rest_route=\/wp\/v2\/posts\/27936\/revisions\/27938"}],"wp:attachment":[{"href":"http:\/\/www.lanuevaopcion.cl\/index.php?rest_route=%2Fwp%2Fv2%2Fmedia&parent=27936"}],"wp:term":[{"taxonomy":"category","embeddable":true,"href":"http:\/\/www.lanuevaopcion.cl\/index.php?rest_route=%2Fwp%2Fv2%2Fcategories&post=27936"},{"taxonomy":"post_tag","embeddable":true,"href":"http:\/\/www.lanuevaopcion.cl\/index.php?rest_route=%2Fwp%2Fv2%2Ftags&post=27936"}],"curies":[{"name":"wp","href":"https:\/\/api.w.org\/{rel}","templated":true}]}}