{"id":27930,"date":"2023-02-21T12:10:47","date_gmt":"2023-02-21T12:10:47","guid":{"rendered":"http:\/\/www.lanuevaopcion.cl\/?p=27930"},"modified":"2023-02-21T12:10:47","modified_gmt":"2023-02-21T12:10:47","slug":"los-jaivas-por-musica-urbana-%e2%80%9ces-fantastico-que-hayan-nuevas-generaciones-haciendo-musica%e2%80%9d","status":"publish","type":"post","link":"http:\/\/www.lanuevaopcion.cl\/?p=27930","title":{"rendered":"LOS JAIVAS POR M\u00daSICA URBANA: \u201cES FANT\u00c1STICO QUE HAYAN NUEVAS GENERACIONES HACIENDO M\u00daSICA\u201d"},"content":{"rendered":"<p><img loading=\"lazy\" decoding=\"async\"  alt=\"\" src=\"https:\/\/cdn.shortpixel.ai\/spai\/w_325+q_lossless+ret_img+to_webp\/https:\/\/storage.googleapis.com\/lanacion-media-storage\/2023\/02\/f924c048-aton_683508-533x261.jpg\" class=\"alignleft\" width=\"533\" height=\"261\" \/ class=\"alignleft\" style=\"margin-right:15px;margin-bottom:10px;float:left;\" ><br \/>\nLos Jaivas tendr\u00e1n una presentaci\u00f3n especial este 21 de febrero en el Festival de Vi\u00f1a del Mar 2023, donde saldr\u00e1n al escenario en la misma noche que el cantante Alejandro Fern\u00e1ndez y la comediante Bel\u00e9n Mora.<\/p>\n<p>Este a\u00f1o, la hist\u00f3rica banda chilena cumple 60 a\u00f1os de carrera y 40 a\u00f1os desde su primera presentaci\u00f3n en la Quinta Vergara, adem\u00e1s de 20 a\u00f1os de la partida de Eduardo \u201cGato\u201d Alquinta, quien fue su ic\u00f3nico vocalista y guitarrista.<\/p>\n<p>La agrupaci\u00f3n concedi\u00f3 una conferencia de prensa un d\u00eda antes de su presentaci\u00f3n, donde recibi\u00f3 un reconocimiento especial de Altafonte Chile.<br \/>\n<!--more--><br \/>\nClaudio Parra, uno de los miembros m\u00e1s antiguos del grupo, afirm\u00f3 que \u201cevidentemente es maravilloso sentir el apoyo de la gente, de la prensa, del p\u00fablico. Gracias a eso, hoy hemos podido celebrar 60 a\u00f1os interrumpidos de historia sobre los escenarios\u201d.<\/p>\n<p>Mientras que Mario Mutis asever\u00f3 que \u201cel apoyo de la gente ha sido espont\u00e1neo, natural, ecol\u00f3gico. Nunca hemos hecho m\u00fasica para ser famosos, para ganar plata, ni ninguna de esas cosas. La necesidad de nosotros y de todo artista es siempre manifestarse. (\u2026) Sin tratar de copiarle a nadie, tratando de hacer nuestra propia m\u00fasica, y logramos crear un lenguaje musical\u201d.<\/p>\n<p>\u201cCuando uno escucha un tema de Los Jaivas, no se parece a ninguna. Tiene una personalidad propia, y eso se llama la creaci\u00f3n de un lenguaje musical\u201d, agreg\u00f3.<\/p>\n<p>Adem\u00e1s, Mutis destac\u00f3 que \u201ccuriosamente, el p\u00fablico no ha ido envejeciendo con nosotros, sino que se ha ido incorporando en la medida que han ido naciendo las nuevas generaciones. (\u2026) Hemos estado presentes en la historia de muchas personas. De sus experiencias personales, de sus logros, de sus fracasos, de sus necesidades. Y eso es lo que agradecemos, porque esa gente siempre ha estado al lado nuestro, y ha sido un signo positivo, se ha ido sumando\u201d.<\/p>\n<p>El charanguista y voz de Los Jaivas valor\u00f3 la identidad de su m\u00fasica: \u201cHay mucha m\u00fasica buena, pero que no tiene esa identidad. Nosotros, afortunadamente logramos rescatar esa parte\u201d.<\/p>\n<p>Posteriormente, Claudio Parra record\u00f3 la presentaci\u00f3n en el Festival de 1983: \u201cEn ese momento est\u00e1bamos en una gira por Chile. Aparece una productora que nos ofrece continuar esta gira, porque nosotros est\u00e1bamos viviendo en Francia y deb\u00edamos volver ya\u201d.<\/p>\n<p>\u201cSe prolonga esta gira, era por octubre-noviembre y se prolonga a diciembre y el verano. Y en esta prolongaci\u00f3n, nos comunican que sali\u00f3 la posibilidad de tocar en el Festival de Vi\u00f1a, que ser\u00eda nuestra primera presentaci\u00f3n\u201d, a\u00f1adi\u00f3. Record\u00f3 que tocaron el 12 de febrero y que \u201cel 11 de febrero toc\u00e1bamos en Punta Arenas. Llegamos el mismo d\u00eda directamente a tocar\u201d.<\/p>\n<p>\u201cRecuerdo que fue muy bonito, la gente nos recibi\u00f3 con mucho cari\u00f1o, la Quinta Vergara estaba llena las dos noches, y est\u00e1 esa grabaci\u00f3n que es ic\u00f3nica, en especial esa interpretaci\u00f3n de \u2018Corre que te pillo\u2019 con el solo de bater\u00eda de Gabriel (Parra)\u2026 el solo de timbal, toda esa parte que ha quedado en la historia\u201d, rememor\u00f3.<\/p>\n<p>Sobre los artistas urbanos chilenos que se presentar\u00e1n por primera vez en Vi\u00f1a, Francisco Bosco destac\u00f3 que \u201ces fant\u00e1stico que hayan nuevas generaciones haciendo m\u00fasica. Yo dir\u00eda que la m\u00fasica que hacen Polim\u00e1 (WestCoast) es representante a la realidad de ellos. Es una realidad bastante masiva y eso hay que valorarlo, porque ellos dan a conocer una realidad nacional de un pa\u00eds que tenemos, que no podemos desconocer\u201d.<\/p>\n<p>\u201cYo no tengo ning\u00fan problema en lo personal de la m\u00fasica urbana como representaci\u00f3n de una juventud actual. Y no tendr\u00edamos por qu\u00e9 tener prejuicios. (\u2026) Si queremos hablar de educaci\u00f3n, podemos hablar en otro tiempo\u201d, complement\u00f3.<\/p>\n<p>Por su parte, Juanita Parra afirm\u00f3 que las conmemoraciones las est\u00e1n viviendo \u201cde la mejor manera para nosotros, que es tocando. Comenzamos a tocar el 19 de enero, por lo tanto ya venimos con alrededor de 14 conciertos hasta la fecha. Eso es muy bonito, porque nos permiti\u00f3 reencontrarnos con nuestro p\u00fablico\u201d.<\/p>\n<p>\u201cHay una nueva generaci\u00f3n de ni\u00f1os en las rejas, y caminos a los camarines, gritando por nosotros. Algo que sucedi\u00f3 durante la pandemia, sin que ni siquiera anduvi\u00e9ramos tocando. Qu\u00e9 mejor poder celebrar 60 a\u00f1os de historia junto a ni\u00f1os que reci\u00e9n est\u00e1n comenzando su vida, pero se ven conectados con nuestra m\u00fasica\u201d, valor\u00f3.<\/p>\n<p>En tanto, Alan Reale se refiri\u00f3 a la \u201cfibra\u201d de Los Jaivas: \u201cYo creo que es muy importante, aparte de la m\u00fasica tan rica de colores y de sonidos latinoamericanos, y hechos tambi\u00e9n con instrumentos el\u00e9ctricos, yo creo que lo m\u00e1s importante es el mensaje\u201d.<\/p>\n<p>Reale destac\u00f3 \u201cel mensaje de unidad, que no tiene direccionalidad pol\u00edtica, o de alguna otra ideolog\u00eda. Si no m\u00e1s bien, toca el alma. Los mensajes, la poes\u00eda, eso es lo que tiene a la gente que conecta a nuestra m\u00fasica, de manera transversal y transgeneracional, que no hace distinci\u00f3n ninguna (\u2026) Yo pienso de una ideolog\u00eda o religi\u00f3n espec\u00edfica, pero nos gusta a todos, nos toca la m\u00fasica\u201d.<\/p>\n<p>Al respecto, Juanita Parra a\u00f1adi\u00f3 que \u201chace muy bien conectarse con lo que nos rodea, con la naturaleza, valorar este planeta que nos recibe. Justamente, una m\u00fasica o una poes\u00eda de esta m\u00fasica, como el tema \u2018Ayer Cach\u00e9\u2019, que te lleva a valorar cosas tan simples, que finalmente es lo m\u00e1s importante\u201d.<\/p>\n<p>\u201cTodos necesitamos abrir los ojos y darnos cuenta que eso es lo m\u00e1s importante. Y tal vez, eso es lo que la gente se conecta con nuestra m\u00fasica y nuestras letras. Se dan cuenta que, pucha que hay cosas bonitas que ver y disfrutar en la vida, eso llena los corazones y hace que haya una conexi\u00f3n tan grande finalmente\u201d, complement\u00f3.<\/p>\n<p>Consultada sobre su rol de jurado en el festival, la baterista respondi\u00f3: \u201cCreo que un jurado diverso aporta una diversidad de opini\u00f3n, que es lo que necesitamos finalmente. Todos los artistas que vienen aqu\u00ed, vienen ilusionados con poder competir\u201d<\/p>\n<p>\u201cLos que llegan al escenario y a la Quinta Vergara, pasaron por un jurado preseleccionador de m\u00fasicos expertos, que los seleccionan para llegar ac\u00e1\u201d, agreg\u00f3.<\/p>\n<p>Luego afirm\u00f3 que los competidores \u201cest\u00e1n ilusionados en que todos escuchemos su m\u00fasica, que nosotros como jurado podamos dar notas y ellos poder avanzar en este proyecto, en el cual se entregaron. Porque cuando tu vas con una canci\u00f3n para participar en un festival, finalmente lo que quieres es ganar ese festival, me imagino eso\u201d.<\/p>\n<p>\u201cNuestro rol como jurado es justamente que conexi\u00f3n tienen, porque en la Quinta el p\u00fablico est\u00e1 atr\u00e1s, hasta el final de la galer\u00eda. Finalmente, estamos ah\u00ed para captar tambi\u00e9n cu\u00e1l es la comunicaci\u00f3n que ellos logran tener, porque est\u00e1 la capacidad de interpretaci\u00f3n, de como comunicar hacia el p\u00fablico esa conexi\u00f3n, fuera tambi\u00e9n de la interpretaci\u00f3n\u201d, complement\u00f3.<\/p>\n<p>\u201cEs interesante, porque estamos conociendo chicos que no conoc\u00edamos, que vienen de otros pa\u00edses. Y bueno, todo el jurado est\u00e1 enfocado en eso, y estamos muy contentos\u201d, cerr\u00f3.<br \/>\nhttps:\/\/www.lanacion.cl\/los-jaivas-por-musica-urbana-es-fantastico-que-hayan-nuevas-generaciones-haciendo-musica\/<br \/>\nFUENTE. LA NACION.CL<br \/>\nMEDIO DE DIFUSI\u00d3N , SIN FIN DE LUCRO ALGUNO<\/p>\n","protected":false},"excerpt":{"rendered":"<p>Los Jaivas tendr\u00e1n una presentaci\u00f3n especial este 21 de febrero en el Festival de Vi\u00f1a del Mar 2023, donde saldr\u00e1n al escenario en la misma noche que el cantante Alejandro Fern\u00e1ndez y la comediante Bel\u00e9n Mora. Este a\u00f1o, la hist\u00f3rica banda chilena cumple 60 a\u00f1os de carrera y 40 a\u00f1os desde su primera presentaci\u00f3n en [&hellip;]<\/p>\n","protected":false},"author":51,"featured_media":0,"comment_status":"open","ping_status":"open","sticky":false,"template":"","format":"standard","meta":{"footnotes":""},"categories":[8,9,5,16,1,11],"tags":[1636,1077],"class_list":["post-27930","post","type-post","status-publish","format-standard","hentry","category-cultura","category-educacion","category-internacional","category-nacional","category-uncategorized","category-tendencias","tag-festival-de-vina","tag-los-jaivas"],"_links":{"self":[{"href":"http:\/\/www.lanuevaopcion.cl\/index.php?rest_route=\/wp\/v2\/posts\/27930","targetHints":{"allow":["GET"]}}],"collection":[{"href":"http:\/\/www.lanuevaopcion.cl\/index.php?rest_route=\/wp\/v2\/posts"}],"about":[{"href":"http:\/\/www.lanuevaopcion.cl\/index.php?rest_route=\/wp\/v2\/types\/post"}],"author":[{"embeddable":true,"href":"http:\/\/www.lanuevaopcion.cl\/index.php?rest_route=\/wp\/v2\/users\/51"}],"replies":[{"embeddable":true,"href":"http:\/\/www.lanuevaopcion.cl\/index.php?rest_route=%2Fwp%2Fv2%2Fcomments&post=27930"}],"version-history":[{"count":1,"href":"http:\/\/www.lanuevaopcion.cl\/index.php?rest_route=\/wp\/v2\/posts\/27930\/revisions"}],"predecessor-version":[{"id":27931,"href":"http:\/\/www.lanuevaopcion.cl\/index.php?rest_route=\/wp\/v2\/posts\/27930\/revisions\/27931"}],"wp:attachment":[{"href":"http:\/\/www.lanuevaopcion.cl\/index.php?rest_route=%2Fwp%2Fv2%2Fmedia&parent=27930"}],"wp:term":[{"taxonomy":"category","embeddable":true,"href":"http:\/\/www.lanuevaopcion.cl\/index.php?rest_route=%2Fwp%2Fv2%2Fcategories&post=27930"},{"taxonomy":"post_tag","embeddable":true,"href":"http:\/\/www.lanuevaopcion.cl\/index.php?rest_route=%2Fwp%2Fv2%2Ftags&post=27930"}],"curies":[{"name":"wp","href":"https:\/\/api.w.org\/{rel}","templated":true}]}}