{"id":27928,"date":"2023-02-17T12:01:07","date_gmt":"2023-02-17T12:01:07","guid":{"rendered":"http:\/\/www.lanuevaopcion.cl\/?p=27928"},"modified":"2023-02-17T12:01:07","modified_gmt":"2023-02-17T12:01:07","slug":"urrejola-carta-firmada-por-fernandez-en-apoyo-a-enriquez-ominami-es-%e2%80%9cimprocedente%e2%80%9d-pero-%e2%80%9cno-afecta-la-relacion-bilateral%e2%80%9d","status":"publish","type":"post","link":"http:\/\/www.lanuevaopcion.cl\/?p=27928","title":{"rendered":"URREJOLA: CARTA FIRMADA POR FERN\u00c1NDEZ EN APOYO A ENR\u00cdQUEZ-OMINAMI ES \u201cIMPROCEDENTE\u201d PERO \u201cNO AFECTA LA RELACI\u00d3N BILATERAL\u201d"},"content":{"rendered":"<p><img loading=\"lazy\" decoding=\"async\"  alt=\"\" src=\"https:\/\/cdn.shortpixel.ai\/spai\/w_324+q_lossless+ret_img+to_webp\/https:\/\/storage.googleapis.com\/lanacion-media-storage\/2023\/02\/46e152ea-foto-canciller-324x235.jpg\" class=\"alignleft\" width=\"324\" height=\"235\" \/ class=\"alignleft\" style=\"margin-right:15px;margin-bottom:10px;float:left;\" ><br \/>\nLa canciller, Antonia Urrejola, calific\u00f3 de \u201cabsolutamente improcedente\u201d la declaraci\u00f3n firmada por el presidente de Argentina, Alberto Fern\u00e1ndez, y otros l\u00edderes de la izquierda iberoamericana en respaldo hacia Marco Enr\u00edquez-Ominami, en el marco del juicio oral en su contra por el caso Soquimich (SQM).<\/p>\n<p>\u201cUna justicia dilatada es una justicia denegada\u201d, se\u00f1ala la carta, acusando que \u201cfiscales con dedicaci\u00f3n exclusiva, y con gran apoyo medi\u00e1tico y financiero, han ido dilatando el juicio. Incluso, a pocas semanas de por fin iniciarse el mismo, despu\u00e9s de 8 a\u00f1os de investigaci\u00f3n, volvieron los fiscales a pedir suspensi\u00f3n, argumentando que este mes de febrero era \u00e9poca de vacaciones en Chile\u201d.<br \/>\n<!--more--><br \/>\nConsultada por el contenido de la declaraci\u00f3n, Urrejola explic\u00f3 que \u201clo primero que hice fue conversar con el embajador Bielsa sobre este tema, y tambi\u00e9n hablar con el ministro de Justicia (Luis Cordero)\u201d.<\/p>\n<p>\u201cTal como se\u00f1al\u00f3 el ministro de Justicia, nos parece que las declaraciones de esa carta son absolutamente improcedentes. El Gobierno no solo respeta, sino que protege la autonom\u00eda del Poder Judicial y del Ministerio P\u00fablico, y nos parece que son impropias las declaraciones que est\u00e1n en esa carta\u201d, agreg\u00f3.<\/p>\n<p>De todas formas, la canciller desestim\u00f3 que la situaci\u00f3n afecte las relaciones con Argentina: \u201cEstas son situaciones puntuales, sin desconocer que son absolutamente improcedentes las declaraciones que est\u00e1n en esa carta. Pero eso no afecta la relaci\u00f3n bilateral con Argentina, que est\u00e1 muy robusta y que tenemos un conjunto de temas que vamos a seguir trabajando\u201d.<\/p>\n<p>Asimismo, rememor\u00f3 el impasse tras la filtraci\u00f3n de un audio donde aparece ella y sus asesores hablando con lenguaje informal respecto a las cr\u00edticas que hizo el embajador Bielsa tras la decisi\u00f3n del Comit\u00e9 de Ministros de rechazar el proyecto minero-portuario Dominga.<\/p>\n<p>\u201cLa situaci\u00f3n anterior que pas\u00f3 con el embajador Bielsa, el propio presidente Fern\u00e1ndez hizo referencia a aquella situaci\u00f3n, y este es otro tema donde obviamente hay diferencia sobre la improcedencia de las declaraciones e inmiscuirse respecto del Poder Judicial y la autonom\u00eda del Ministerio P\u00fablico\u201d, consign\u00f3.<\/p>\n<p>\u201cPero quiero reiterar que las relaciones bilaterales son mucho m\u00e1s que estos eventos que estamos conversando\u201d, remarc\u00f3.<br \/>\nhttps:\/\/www.lanacion.cl\/urrejola-carta-firmada-por-fernandez-en-apoyo-a-enriquez-ominami-es-improcedente-pero-no-afecta-la-relacion-bilateral\/<br \/>\nFUENTE. LA NACION.CL<br \/>\nMEDIO DE DIFUSI\u00d3N, SIN FIN DE LUCRO ALGUNO <\/p>\n","protected":false},"excerpt":{"rendered":"<p>La canciller, Antonia Urrejola, calific\u00f3 de \u201cabsolutamente improcedente\u201d la declaraci\u00f3n firmada por el presidente de Argentina, Alberto Fern\u00e1ndez, y otros l\u00edderes de la izquierda iberoamericana en respaldo hacia Marco Enr\u00edquez-Ominami, en el marco del juicio oral en su contra por el caso Soquimich (SQM). \u201cUna justicia dilatada es una justicia denegada\u201d, se\u00f1ala la carta, acusando [&hellip;]<\/p>\n","protected":false},"author":51,"featured_media":0,"comment_status":"open","ping_status":"open","sticky":false,"template":"","format":"standard","meta":{"footnotes":""},"categories":[8,4,5,16,1,31,11],"tags":[],"class_list":["post-27928","post","type-post","status-publish","format-standard","hentry","category-cultura","category-economia","category-internacional","category-nacional","category-uncategorized","category-salud","category-tendencias"],"_links":{"self":[{"href":"http:\/\/www.lanuevaopcion.cl\/index.php?rest_route=\/wp\/v2\/posts\/27928","targetHints":{"allow":["GET"]}}],"collection":[{"href":"http:\/\/www.lanuevaopcion.cl\/index.php?rest_route=\/wp\/v2\/posts"}],"about":[{"href":"http:\/\/www.lanuevaopcion.cl\/index.php?rest_route=\/wp\/v2\/types\/post"}],"author":[{"embeddable":true,"href":"http:\/\/www.lanuevaopcion.cl\/index.php?rest_route=\/wp\/v2\/users\/51"}],"replies":[{"embeddable":true,"href":"http:\/\/www.lanuevaopcion.cl\/index.php?rest_route=%2Fwp%2Fv2%2Fcomments&post=27928"}],"version-history":[{"count":1,"href":"http:\/\/www.lanuevaopcion.cl\/index.php?rest_route=\/wp\/v2\/posts\/27928\/revisions"}],"predecessor-version":[{"id":27929,"href":"http:\/\/www.lanuevaopcion.cl\/index.php?rest_route=\/wp\/v2\/posts\/27928\/revisions\/27929"}],"wp:attachment":[{"href":"http:\/\/www.lanuevaopcion.cl\/index.php?rest_route=%2Fwp%2Fv2%2Fmedia&parent=27928"}],"wp:term":[{"taxonomy":"category","embeddable":true,"href":"http:\/\/www.lanuevaopcion.cl\/index.php?rest_route=%2Fwp%2Fv2%2Fcategories&post=27928"},{"taxonomy":"post_tag","embeddable":true,"href":"http:\/\/www.lanuevaopcion.cl\/index.php?rest_route=%2Fwp%2Fv2%2Ftags&post=27928"}],"curies":[{"name":"wp","href":"https:\/\/api.w.org\/{rel}","templated":true}]}}