{"id":27926,"date":"2023-02-16T08:45:20","date_gmt":"2023-02-16T08:45:20","guid":{"rendered":"http:\/\/www.lanuevaopcion.cl\/?p=27926"},"modified":"2023-02-16T08:45:20","modified_gmt":"2023-02-16T08:45:20","slug":"grupo-de-puebla-cuestiona-dilacion-del-caso-sqm-y-entrega-apoyo-a-enriquez-ominami","status":"publish","type":"post","link":"http:\/\/www.lanuevaopcion.cl\/?p=27926","title":{"rendered":"GRUPO DE PUEBLA CUESTIONA DILACI\u00d3N DEL CASO SQM Y ENTREGA APOYO A ENR\u00cdQUEZ-OMINAMI"},"content":{"rendered":"<p><img loading=\"lazy\" decoding=\"async\"  alt=\"\" src=\"https:\/\/cdn.shortpixel.ai\/spai\/w_325+q_lossless+ret_img+to_webp\/https:\/\/storage.googleapis.com\/lanacion-media-storage\/2023\/02\/f74d7534-foto-fernandez-533x261.jpeg\" class=\"alignleft\" width=\"533\" height=\"261\" \/ class=\"alignleft\" style=\"margin-right:15px;margin-bottom:10px;float:left;\" ><br \/>\nEl Grupo de Puebla se pronunci\u00f3 acerca de la duraci\u00f3n que ha tenido la investigaci\u00f3n por el caso SQM, en relaci\u00f3n a la acusaci\u00f3n del excandidato presidencial Marco Enr\u00edquez-Ominami.<\/p>\n<p>La declaraci\u00f3n firmada por 40 l\u00edderes de la agrupaci\u00f3n, entre ellos el mandatario de Argentina, Alberto Fern\u00e1ndez, se\u00f1ala que \u201cacusar y no haber permitido el juicio por 8 a\u00f1os, es una inadmisible forma de perseguir un liderazgo\u201d.<\/p>\n<p>Este lunes se dio inicio al juicio, en donde el excandidato presidencial es acusado por delitos tributarios.<br \/>\n<!--more--><br \/>\n\u201cViene siendo acusado por fiscales ligados directamente al expresidente de derecha Sebasti\u00e1n Pi\u00f1era. Marco ha negado estas acusaciones y ha pedido concurrir a un juicio justo, con jueces imparciales, donde pueda demostrar la falsedad de las acusaciones\u201d, se detall\u00f3 en la carta.<\/p>\n<p>Adem\u00e1s, indicaron que los \u201cfiscales con dedicaci\u00f3n exclusiva, y con gran apoyo medi\u00e1tico y financiero, han ido dilatando el juicio. Incluso, a pocas semanas de por fin iniciarse el mismo, despu\u00e9s de 8 a\u00f1os de investigaci\u00f3n, volvieron los fiscales a pedir suspensi\u00f3n, argumentando que este mes de febrero era \u00e9poca de vacaciones en Chile\u201d.<\/p>\n<p>Esta afirmaci\u00f3n, hace referencia a lo ocurrido el pasado 1 de febrero, cuando se posterg\u00f3 la audiencia debido a la ausencia del auto de apertura, que deb\u00eda ser presentado por el juez de garant\u00eda que se encontraba de vacaciones.<\/p>\n<p>\u201cUna justicia dilatada es una justicia denegada. La dilaci\u00f3n del juicio vulnera gravemente los derechos b\u00e1sicos del l\u00edder progresista por el da\u00f1o reputacional causado. Otro caso de lawfare como los adelantados en Am\u00e9rica latina para perseguir dirigentes progresistas, estigmatizarlos, se\u00f1alarlos y despu\u00e9s declararlos inocentes cuando el da\u00f1o moral ha sido causado\u201d, sentenciaron.<\/p>\n<p>Los l\u00edderes creen que \u201cfinalmente se impondr\u00e1 la verdad y la justicia. Que Marco derrotar\u00e1 esta acusaci\u00f3n como lo ha hecho en otros 12 intentos de conservadores de acusarlo de diferentes delitos\u201d.<\/p>\n<p>La causa mantuvo a 180 personas siendo investigadas por la fiscal\u00eda. Sin embargo, la mayor\u00eda han sido sobrese\u00eddas o el Ministerio P\u00fablico ha decidido no perseverar o suspender bajo condiciones los procedimientos.<br \/>\nhttps:\/\/www.lanacion.cl\/grupo-de-puebla-cuestiona-dilacion-del-caso-sqm-y-entrega-apoyo-a-enriquez-ominami\/<br \/>\nFUENTE. LA NACION .CL<br \/>\nMEDIO DE DIFUSI\u00d3N , SIN FIN DE LUCRO ALGUNO   <\/p>\n","protected":false},"excerpt":{"rendered":"<p>El Grupo de Puebla se pronunci\u00f3 acerca de la duraci\u00f3n que ha tenido la investigaci\u00f3n por el caso SQM, en relaci\u00f3n a la acusaci\u00f3n del excandidato presidencial Marco Enr\u00edquez-Ominami. La declaraci\u00f3n firmada por 40 l\u00edderes de la agrupaci\u00f3n, entre ellos el mandatario de Argentina, Alberto Fern\u00e1ndez, se\u00f1ala que \u201cacusar y no haber permitido el juicio [&hellip;]<\/p>\n","protected":false},"author":51,"featured_media":0,"comment_status":"open","ping_status":"open","sticky":false,"template":"","format":"standard","meta":{"footnotes":""},"categories":[4,9,5,16,30,1,31,11],"tags":[351,137],"class_list":["post-27926","post","type-post","status-publish","format-standard","hentry","category-economia","category-educacion","category-internacional","category-nacional","category-policial","category-uncategorized","category-salud","category-tendencias","tag-meo","tag-tribunales"],"_links":{"self":[{"href":"http:\/\/www.lanuevaopcion.cl\/index.php?rest_route=\/wp\/v2\/posts\/27926","targetHints":{"allow":["GET"]}}],"collection":[{"href":"http:\/\/www.lanuevaopcion.cl\/index.php?rest_route=\/wp\/v2\/posts"}],"about":[{"href":"http:\/\/www.lanuevaopcion.cl\/index.php?rest_route=\/wp\/v2\/types\/post"}],"author":[{"embeddable":true,"href":"http:\/\/www.lanuevaopcion.cl\/index.php?rest_route=\/wp\/v2\/users\/51"}],"replies":[{"embeddable":true,"href":"http:\/\/www.lanuevaopcion.cl\/index.php?rest_route=%2Fwp%2Fv2%2Fcomments&post=27926"}],"version-history":[{"count":1,"href":"http:\/\/www.lanuevaopcion.cl\/index.php?rest_route=\/wp\/v2\/posts\/27926\/revisions"}],"predecessor-version":[{"id":27927,"href":"http:\/\/www.lanuevaopcion.cl\/index.php?rest_route=\/wp\/v2\/posts\/27926\/revisions\/27927"}],"wp:attachment":[{"href":"http:\/\/www.lanuevaopcion.cl\/index.php?rest_route=%2Fwp%2Fv2%2Fmedia&parent=27926"}],"wp:term":[{"taxonomy":"category","embeddable":true,"href":"http:\/\/www.lanuevaopcion.cl\/index.php?rest_route=%2Fwp%2Fv2%2Fcategories&post=27926"},{"taxonomy":"post_tag","embeddable":true,"href":"http:\/\/www.lanuevaopcion.cl\/index.php?rest_route=%2Fwp%2Fv2%2Ftags&post=27926"}],"curies":[{"name":"wp","href":"https:\/\/api.w.org\/{rel}","templated":true}]}}