{"id":27923,"date":"2023-02-15T10:23:45","date_gmt":"2023-02-15T10:23:45","guid":{"rendered":"http:\/\/www.lanuevaopcion.cl\/?p=27923"},"modified":"2023-02-15T10:25:26","modified_gmt":"2023-02-15T10:25:26","slug":"matan-a-tiros-a-persona-en-plena-via-publica-en-barrio-franklin","status":"publish","type":"post","link":"http:\/\/www.lanuevaopcion.cl\/?p=27923","title":{"rendered":"MATAN A TIROS A PERSONA EN PLENA V\u00cdA P\u00daBLICA EN BARRIO FRANKLIN"},"content":{"rendered":"<p><img loading=\"lazy\" decoding=\"async\"  alt=\"\" src=\"https:\/\/cdn.shortpixel.ai\/spai\/w_625+q_lossless+ret_img+to_webp\/https:\/\/storage.googleapis.com\/lanacion-media-storage\/2023\/02\/b541d035-balacera-franklin.jpeg\" class=\"alignleft\" width=\"625\" height=\"400\" \/ class=\"alignleft\" style=\"margin-right:15px;margin-bottom:10px;float:left;\" ><br \/>\nUna persona fue baleada en la tarde de este martes con resultado de muerte en pleno Barrio Franklin, en la comuna de Santiago.<\/p>\n<p>Seg\u00fan Radio Biob\u00edo, el hecho ocurri\u00f3 en la intersecci\u00f3n de las calles San Diego con Franklin.<\/p>\n<p>Preliminarmente, la v\u00edctima -que iba a bordo de un autom\u00f3vil- fue interceptada por un grupo de personas que iba en un segundo veh\u00edculo.<\/p>\n<p>Luego de ello, los individuos dispararon en contra del afectado, bale\u00e1ndolo en tres oportunidades en la cabeza.<br \/>\n<!--more--><br \/>\nEn tanto, Carabineros despleg\u00f3 un amplio operativo policial para indagar este hecho, as\u00ed como tambi\u00e9n dar con el paradero de los autores del crimen.<br \/>\nhttps:\/\/www.lanacion.cl\/matan-a-tiros-a-persona-en-plena-via-publica-en-barrio-franklin\/<br \/>\nFUENTE. LA NACION.CL<br \/>\nMEDIO DE DIFUSI\u00d3N, SIN FIN DE LUCRO ALGUNO <\/p>\n","protected":false},"excerpt":{"rendered":"<p>Una persona fue baleada en la tarde de este martes con resultado de muerte en pleno Barrio Franklin, en la comuna de Santiago. Seg\u00fan Radio Biob\u00edo, el hecho ocurri\u00f3 en la intersecci\u00f3n de las calles San Diego con Franklin. Preliminarmente, la v\u00edctima -que iba a bordo de un autom\u00f3vil- fue interceptada por un grupo de [&hellip;]<\/p>\n","protected":false},"author":51,"featured_media":0,"comment_status":"open","ping_status":"open","sticky":false,"template":"","format":"standard","meta":{"footnotes":""},"categories":[9,16,30,1,31,11],"tags":[1076,1075],"class_list":["post-27923","post","type-post","status-publish","format-standard","hentry","category-educacion","category-nacional","category-policial","category-uncategorized","category-salud","category-tendencias","tag-asesinato-en-santiago-c","tag-barrio-franklin"],"_links":{"self":[{"href":"http:\/\/www.lanuevaopcion.cl\/index.php?rest_route=\/wp\/v2\/posts\/27923","targetHints":{"allow":["GET"]}}],"collection":[{"href":"http:\/\/www.lanuevaopcion.cl\/index.php?rest_route=\/wp\/v2\/posts"}],"about":[{"href":"http:\/\/www.lanuevaopcion.cl\/index.php?rest_route=\/wp\/v2\/types\/post"}],"author":[{"embeddable":true,"href":"http:\/\/www.lanuevaopcion.cl\/index.php?rest_route=\/wp\/v2\/users\/51"}],"replies":[{"embeddable":true,"href":"http:\/\/www.lanuevaopcion.cl\/index.php?rest_route=%2Fwp%2Fv2%2Fcomments&post=27923"}],"version-history":[{"count":2,"href":"http:\/\/www.lanuevaopcion.cl\/index.php?rest_route=\/wp\/v2\/posts\/27923\/revisions"}],"predecessor-version":[{"id":27925,"href":"http:\/\/www.lanuevaopcion.cl\/index.php?rest_route=\/wp\/v2\/posts\/27923\/revisions\/27925"}],"wp:attachment":[{"href":"http:\/\/www.lanuevaopcion.cl\/index.php?rest_route=%2Fwp%2Fv2%2Fmedia&parent=27923"}],"wp:term":[{"taxonomy":"category","embeddable":true,"href":"http:\/\/www.lanuevaopcion.cl\/index.php?rest_route=%2Fwp%2Fv2%2Fcategories&post=27923"},{"taxonomy":"post_tag","embeddable":true,"href":"http:\/\/www.lanuevaopcion.cl\/index.php?rest_route=%2Fwp%2Fv2%2Ftags&post=27923"}],"curies":[{"name":"wp","href":"https:\/\/api.w.org\/{rel}","templated":true}]}}