{"id":27888,"date":"2023-01-19T12:29:36","date_gmt":"2023-01-19T12:29:36","guid":{"rendered":"http:\/\/www.lanuevaopcion.cl\/?p=27888"},"modified":"2023-01-19T12:29:36","modified_gmt":"2023-01-19T12:29:36","slug":"camara-baja-revisa-este-jueves-la-acusacion-constitucional-contra-el-ministro-jackson","status":"publish","type":"post","link":"http:\/\/www.lanuevaopcion.cl\/?p=27888","title":{"rendered":"C\u00c1MARA BAJA REVISA ESTE JUEVES LA ACUSACI\u00d3N CONSTITUCIONAL CONTRA EL MINISTRO JACKSON"},"content":{"rendered":"<p><img loading=\"lazy\" decoding=\"async\"  alt=\"\" src=\"https:\/\/cdn.shortpixel.ai\/spai\/w_324+q_lossless+ret_img+to_webp\/https:\/\/storage.googleapis.com\/lanacion-media-storage\/2023\/01\/5eeff9e9-aton_673817-324x235.jpg\" class=\"alignleft\" width=\"324\" height=\"235\" \/ class=\"alignleft\" style=\"margin-right:15px;margin-bottom:10px;float:left;\" ><br \/>\nA las 10:00 horas de este jueves se dar\u00e1 inici\u00f3 a la sesi\u00f3n especial en la C\u00e1mara de Diputadas y Diputados para revisar la acusaci\u00f3n constitucional presentada por parlamentarios del Partido Republicano en contra del ministro de Desarrollo Social, Giorgio Jackson.<\/p>\n<p>El libelo necesita de 78 votos a favor para que pueda seguir adelante y pase a la sala del Senado.<\/p>\n<p>La comisi\u00f3n revisora de la acusaci\u00f3n constitucional en contra del secretario de Estado rechaz\u00f3 el mi\u00e9rcoles la AC en una votaci\u00f3n dividida, con tres votos en contra, que fueron los parlamentarios Karol Cariola (PC), Clara Sagard\u00eda (Ind. FA) y Ericka \u00d1anco (RD); un voto a favor, Bernardo Berger (RN); mientras que el diputado Joaqu\u00edn Lav\u00edn (UDI) se abstuvo.<br \/>\n<!--more--><br \/>\nEl abogado defensor del ministro, William Garc\u00eda, inform\u00f3 que podr\u00eda apelar a la denominada \u201ccuesti\u00f3n previa\u201d, ya que el libelo \u201cno cumple con los requisitos de fundamentaci\u00f3n ni imputaci\u00f3n de responsabilidad que se le hace al ministro\u201d. De no ser as\u00ed, se pasar\u00eda directamente a discutir el fondo de la acusaci\u00f3n, cap\u00edtulo por cap\u00edtulo.<\/p>\n<p>El titular de Desarrollo Social se\u00f1al\u00f3 este mi\u00e9rcoles un juicio a su personalidad no est\u00e1 en las causales establecidas para una acusaci\u00f3n constitucional. \u201cLas personas pueden tener diferencias, cr\u00edticas, sugerencias, que siempre pueden ser recibidas para mejorar, uno siempre busca esa autocr\u00edtica, pero tambi\u00e9n la cr\u00edtica constructiva para poder mejorar. Pero dentro de nuestra institucionalidad no est\u00e1n contempladas esas razones para iniciar una AC\u201d, indic\u00f3.<\/p>\n<p>\u201cNosotros desde el Gobierno y la defensa en esta acusaci\u00f3n hemos seguido la estrategia que comunicamos desde un comienzo, que es poner los argumentos sobre la mesa, poder conversar con todos los parlamentarios y parlamentarias para cualquier duda que tuvieran respecto a esta acusaci\u00f3n que, como hemos sostenido, carece de fundamento jur\u00eddico para poder ser presentada y poder tener avances en esta tramitaci\u00f3n\u201d, agreg\u00f3.<\/p>\n<p>A la abstenci\u00f3n del diputado Lav\u00edn en la comisi\u00f3n, que probablemente se repita en la sala, se sum\u00f3 la postura del parlamentario Cristhian Moreira (UDI), quien reconoci\u00f3 que no votar\u00e1 a favor de la acusaci\u00f3n constitucional.<\/p>\n<p>\u201cYo soy bien hombrecito para mis cosas, a m\u00ed no me gusta el Gobierno, lo ha hecho mal. Me voy a abstener porque no soy partidario de que, porque cae mal una persona, lo tengamos que ejecutar. Basta de eso, la comunidad quiere que nos unamos y junto a las autoridades de Gobierno, hagamos las cosas que necesita la gente, sobre todo la delincuencia, que est\u00e1 matando a los chilenos\u201d, aclar\u00f3.<\/p>\n<blockquote class=\"wp-embedded-content\" data-secret=\"awyX3NzTv5\"><p><a href=\"https:\/\/www.lanacion.cl\/camara-baja-revisa-este-jueves-la-acusacion-constitucional-contra-el-ministro-jackson\/\">C\u00e1mara Baja revisa este jueves la acusaci\u00f3n constitucional contra el ministro Jackson<\/a><\/p><\/blockquote>\n<p><iframe loading=\"lazy\" class=\"wp-embedded-content\" sandbox=\"allow-scripts\" security=\"restricted\" style=\"position: absolute; visibility: hidden;\" title=\"&#8220;C\u00e1mara Baja revisa este jueves la acusaci\u00f3n constitucional contra el ministro Jackson&#8221; &#8212; La Naci\u00f3n\" src=\"https:\/\/www.lanacion.cl\/camara-baja-revisa-este-jueves-la-acusacion-constitucional-contra-el-ministro-jackson\/embed\/#?secret=IEIwJp5qpD#?secret=awyX3NzTv5\" data-secret=\"awyX3NzTv5\" width=\"500\" height=\"282\" frameborder=\"0\" marginwidth=\"0\" marginheight=\"0\" scrolling=\"no\"><\/iframe><br \/>\nFUENTE. LA NACION.CL<br \/>\nMEDIO DE DIFUSI\u00d3N , SIN FIN DE LUCRO ALGUNO <\/p>\n","protected":false},"excerpt":{"rendered":"<p>A las 10:00 horas de este jueves se dar\u00e1 inici\u00f3 a la sesi\u00f3n especial en la C\u00e1mara de Diputadas y Diputados para revisar la acusaci\u00f3n constitucional presentada por parlamentarios del Partido Republicano en contra del ministro de Desarrollo Social, Giorgio Jackson. El libelo necesita de 78 votos a favor para que pueda seguir adelante y [&hellip;]<\/p>\n","protected":false},"author":51,"featured_media":0,"comment_status":"open","ping_status":"open","sticky":false,"template":"","format":"standard","meta":{"footnotes":""},"categories":[8,9,5,16,30,1,11],"tags":[457,144],"class_list":["post-27888","post","type-post","status-publish","format-standard","hentry","category-cultura","category-educacion","category-internacional","category-nacional","category-policial","category-uncategorized","category-tendencias","tag-acusacion-constitucional","tag-diputados"],"_links":{"self":[{"href":"http:\/\/www.lanuevaopcion.cl\/index.php?rest_route=\/wp\/v2\/posts\/27888","targetHints":{"allow":["GET"]}}],"collection":[{"href":"http:\/\/www.lanuevaopcion.cl\/index.php?rest_route=\/wp\/v2\/posts"}],"about":[{"href":"http:\/\/www.lanuevaopcion.cl\/index.php?rest_route=\/wp\/v2\/types\/post"}],"author":[{"embeddable":true,"href":"http:\/\/www.lanuevaopcion.cl\/index.php?rest_route=\/wp\/v2\/users\/51"}],"replies":[{"embeddable":true,"href":"http:\/\/www.lanuevaopcion.cl\/index.php?rest_route=%2Fwp%2Fv2%2Fcomments&post=27888"}],"version-history":[{"count":1,"href":"http:\/\/www.lanuevaopcion.cl\/index.php?rest_route=\/wp\/v2\/posts\/27888\/revisions"}],"predecessor-version":[{"id":27889,"href":"http:\/\/www.lanuevaopcion.cl\/index.php?rest_route=\/wp\/v2\/posts\/27888\/revisions\/27889"}],"wp:attachment":[{"href":"http:\/\/www.lanuevaopcion.cl\/index.php?rest_route=%2Fwp%2Fv2%2Fmedia&parent=27888"}],"wp:term":[{"taxonomy":"category","embeddable":true,"href":"http:\/\/www.lanuevaopcion.cl\/index.php?rest_route=%2Fwp%2Fv2%2Fcategories&post=27888"},{"taxonomy":"post_tag","embeddable":true,"href":"http:\/\/www.lanuevaopcion.cl\/index.php?rest_route=%2Fwp%2Fv2%2Ftags&post=27888"}],"curies":[{"name":"wp","href":"https:\/\/api.w.org\/{rel}","templated":true}]}}