{"id":27878,"date":"2023-01-13T17:16:59","date_gmt":"2023-01-13T17:16:59","guid":{"rendered":"http:\/\/www.lanuevaopcion.cl\/?p=27878"},"modified":"2023-01-13T17:17:25","modified_gmt":"2023-01-13T17:17:25","slug":"%e2%80%9cimputaciones-arbitrarias%e2%80%9d-los-descargos-del-ministro-jackson-ante-acusacion-constitucional-en-su-contra","status":"publish","type":"post","link":"http:\/\/www.lanuevaopcion.cl\/?p=27878","title":{"rendered":"\u201cIMPUTACIONES ARBITRARIAS\u201d: LOS DESCARGOS DEL MINISTRO JACKSON ANTE ACUSACI\u00d3N CONSTITUCIONAL EN SU CONTRA"},"content":{"rendered":"<p><img loading=\"lazy\" decoding=\"async\"  alt=\"\" src=\"https:\/\/cdn.shortpixel.ai\/spai\/w_325+q_lossless+ret_img+to_webp\/https:\/\/storage.googleapis.com\/lanacion-media-storage\/2022\/10\/308690cb-foto-jackson-533x261.jpg\" class=\"alignleft\" width=\"533\" height=\"261\" \/ class=\"alignleft\" style=\"margin-right:15px;margin-bottom:10px;float:left;\" ><br \/>\nEl ministro de Desarrollo Social, Giorgio Jackson, present\u00f3 este viernes sus descargos frente a la acusaci\u00f3n constitucional que se est\u00e1 tramitando en la C\u00e1mara de Diputados.<\/p>\n<p>El libelo fue presentado por el Partido Republicano y acusa a Jackson de cometer \u201cinfracciones o inejecuci\u00f3n\u201d a la Constituci\u00f3n y a la ley en los temas de compra de tierras ind\u00edgenas y en el funcionamiento de los servicios locales de Ni\u00f1ez.<\/p>\n<p>En su documento de defensa, Jackson advirti\u00f3 que \u201cla acusaci\u00f3n presentada confunde hechos con juicios de valor e imputaciones, estableciendo de antemano un contexto de suposiciones, valoraciones e imputaciones arbitrarias\u201d.<\/p>\n<p>A\u00f1ade que \u201caquello pretende generar un ambiente de crisis sostenido en apreciaciones personales, pol\u00edticas, consideraciones de hecho o m\u00e9rito, totalmente alejadas de la naturaleza y fines de la acusaci\u00f3n constitucional en el ordenamiento jur\u00eddico\u201d.<br \/>\n<!--more--><br \/>\nLuego advierte que \u201clos hechos descritos dan cuenta del intento de juzgar a este ministro de Estado por hechos de car\u00e1cter general que no dicen relaci\u00f3n con el despliegue de alguna acci\u00f3n particular o personal de mi parte, o bien por hechos que relatan de forma err\u00f3nea con el fin de subsumirlos de manera forzosa en alguna de las causales de acusaci\u00f3n constitucional\u201d.<\/p>\n<p>De esta manera, indica que un libelo acusatorio \u201csolo puede tener lugar por hechos personales, es decir, que hayan sido cometidos personalmente por la autoridad. No obstante, como se analiza en el quinto argumento de la cuesti\u00f3n previa, la acusaci\u00f3n presentada indica acciones, hechos o corresponde a conflictos en periodos en que no me encontraba ejerciendo el cargo, que no se enmarcan dentro de mis atribuciones o que corresponden a conflictos de larga data que no se lograr\u00e1n resolver en un acotado per\u00edodo\u201d.<\/p>\n<p>Por ello, se\u00f1ala que \u201cLa presente acusaci\u00f3n constitucional no cumple con ninguno de los requisitos que har\u00edan posible su procedencia, por lo que debe ser declarada inadmisible\u201d.<\/p>\n<p>ACUSACI\u00d3N DE PATRICIA HIDALGO<\/p>\n<p>Entre sus argumentos, la acusaci\u00f3n apunta al relato de la exseremi de la cartera en la RM, Patricia Hidalgo, quien denunci\u00f3 que su salida fue motivada por cuestiones pol\u00edticas, tras haberse negado a aprobar ciertos proyectos sobre los cuales ten\u00eda \u201calgunos cuestionamientos t\u00e9cnicos\u201d.<\/p>\n<p>En contraste, desde el Gobierno dicen que la raz\u00f3n fue una \u201cp\u00e9rdida de confianza\u201d debido a que no denunciara la presunta violaci\u00f3n de una menor en un alberge para personas en situaci\u00f3n de calle.<\/p>\n<p>Al respecto, el texto de Jackson indica que \u201cen efecto, la ex Seremi de Desarrollo Social y Familia denunci\u00f3 haber sido objeto de supuestas presiones indebidas por parte de autoridades de Gobierno en el marco de las votaciones de proyectos en la Comisi\u00f3n de Evaluaci\u00f3n Ambiental de la Regi\u00f3n Metropolitana. En lo que sigue, se revisar\u00e1 el concepto de presiones indebidas y se demostrar\u00e1 que instruir a una autoridad subordinada que asista a la Comisi\u00f3n de Evaluaci\u00f3n Ambiental no cabe dentro de la definici\u00f3n de presiones indebidas\u201d.<\/p>\n<p>\u201cComo ya se ha demostrado, una simple orden dada a un funcionario subalterno respecto de alguna materia en la cual el jefe de servicio u otro funcionario tienen claras atribuciones implica un ejercicio legal de las labores y funciones asignadas y no puede considerarse reprochable\u201d, a\u00f1ade.<\/p>\n<p>\u201cEs m\u00e1s, la jurisprudencia de la propia Contralor\u00eda General de la Rep\u00fablica ha sido clara en se\u00f1alar que los funcionarios se encuentran obligados a obedecer las \u00f3rdenes impartidas por el superior jer\u00e1rquico, pudiendo incluso ser objeto de medidas disciplinarias si infringen tal obligaci\u00f3n\u201d, complementa.<\/p>\n<p>Subraya que \u201clas instrucciones de la Subsecretaria Perales se condicen con asegurar el cumplimiento de las obligaciones que le eran aplicables a la ex seremi, pero que, sin embargo, se resist\u00eda a cumplir\u201d.<\/p>\n<p>\u201cComo se ha explicado, no existe acci\u00f3n u omisi\u00f3n personal alguna de mi parte a la que la y los acusadores hayan hecho referencia, ni mucho menos vulneraci\u00f3n a las reglas sobre probidad\u201d, insiste, aseverando que tampoco \u201cha existido de mi parte ninguna acci\u00f3n u omisi\u00f3n que constituya una vulneraci\u00f3n al SEIA\u201d.<\/p>\n<p>Por ello, consigna que \u201cno hay acci\u00f3n ni omisi\u00f3n imputable a este ministro. Aun si los hechos descritos por la ex Seremi de Desarrollo Social y Familia hubieran acaecido en la forma en que ella los ha descrito, y a\u00fan si estos hechos se considerasen \u2018presiones pol\u00edticas indebidas\u2019, ninguno constituye un hecho personal de este ministro. La atribuci\u00f3n de responsabilidad que persigue la acusaci\u00f3n constitucional es por hechos personales y directos de quien ejerce el cargo, lo que no tiene lugar en este caso\u201d.<\/p>\n<p>Reitera que \u201cuna reuni\u00f3n que tenga por objeto comunicar la p\u00e9rdida de confianza hacia una funcionaria que detenta un cargo de exclusiva confianza no puede estimarse constitutivo de una infracci\u00f3n a la Constituci\u00f3n y las leyes, sino que es manifestaci\u00f3n de la organizaci\u00f3n de la Administraci\u00f3n del Estado y los poderes jer\u00e1rquicos de la autoridad respectiva\u201d.<\/p>\n<p>Concluye sobre Hidalgo que \u201csu intervenci\u00f3n en los proyectos de evaluaci\u00f3n ambiental, a los que hace referencia en el libelo acusatorio, dan cuenta de que la ex Seremi actu\u00f3 en forma independiente a las supuestas presiones indebidas\u201d.<\/p>\n","protected":false},"excerpt":{"rendered":"<p>El ministro de Desarrollo Social, Giorgio Jackson, present\u00f3 este viernes sus descargos frente a la acusaci\u00f3n constitucional que se est\u00e1 tramitando en la C\u00e1mara de Diputados. El libelo fue presentado por el Partido Republicano y acusa a Jackson de cometer \u201cinfracciones o inejecuci\u00f3n\u201d a la Constituci\u00f3n y a la ley en los temas de compra [&hellip;]<\/p>\n","protected":false},"author":51,"featured_media":0,"comment_status":"open","ping_status":"open","sticky":false,"template":"","format":"standard","meta":{"footnotes":""},"categories":[1],"tags":[163,165,1057,1635,93,1628,137],"class_list":["post-27878","post","type-post","status-publish","format-standard","hentry","category-uncategorized","tag-congreso","tag-gobierno","tag-ministro-jackson","tag-nacional","tag-pais","tag-uncategorized","tag-tribunales"],"_links":{"self":[{"href":"http:\/\/www.lanuevaopcion.cl\/index.php?rest_route=\/wp\/v2\/posts\/27878","targetHints":{"allow":["GET"]}}],"collection":[{"href":"http:\/\/www.lanuevaopcion.cl\/index.php?rest_route=\/wp\/v2\/posts"}],"about":[{"href":"http:\/\/www.lanuevaopcion.cl\/index.php?rest_route=\/wp\/v2\/types\/post"}],"author":[{"embeddable":true,"href":"http:\/\/www.lanuevaopcion.cl\/index.php?rest_route=\/wp\/v2\/users\/51"}],"replies":[{"embeddable":true,"href":"http:\/\/www.lanuevaopcion.cl\/index.php?rest_route=%2Fwp%2Fv2%2Fcomments&post=27878"}],"version-history":[{"count":2,"href":"http:\/\/www.lanuevaopcion.cl\/index.php?rest_route=\/wp\/v2\/posts\/27878\/revisions"}],"predecessor-version":[{"id":27880,"href":"http:\/\/www.lanuevaopcion.cl\/index.php?rest_route=\/wp\/v2\/posts\/27878\/revisions\/27880"}],"wp:attachment":[{"href":"http:\/\/www.lanuevaopcion.cl\/index.php?rest_route=%2Fwp%2Fv2%2Fmedia&parent=27878"}],"wp:term":[{"taxonomy":"category","embeddable":true,"href":"http:\/\/www.lanuevaopcion.cl\/index.php?rest_route=%2Fwp%2Fv2%2Fcategories&post=27878"},{"taxonomy":"post_tag","embeddable":true,"href":"http:\/\/www.lanuevaopcion.cl\/index.php?rest_route=%2Fwp%2Fv2%2Ftags&post=27878"}],"curies":[{"name":"wp","href":"https:\/\/api.w.org\/{rel}","templated":true}]}}