{"id":27866,"date":"2023-01-09T11:04:54","date_gmt":"2023-01-09T11:04:54","guid":{"rendered":"http:\/\/www.lanuevaopcion.cl\/?p=27866"},"modified":"2023-01-09T11:04:54","modified_gmt":"2023-01-09T11:04:54","slug":"rn-anticipa-que-el-lunes-presentara-acusacion-constitucional-contra-la-ministra-de-justicia","status":"publish","type":"post","link":"http:\/\/www.lanuevaopcion.cl\/?p=27866","title":{"rendered":"RN ANTICIPA QUE EL LUNES PRESENTAR\u00c1 ACUSACI\u00d3N CONSTITUCIONAL CONTRA LA MINISTRA DE JUSTICIA"},"content":{"rendered":"<p><img loading=\"lazy\" decoding=\"async\"  alt=\"\" src=\"https:\/\/cdn.shortpixel.ai\/spai\/w_324+q_lossless+ret_img+to_webp\/https:\/\/storage.googleapis.com\/lanacion-media-storage\/2023\/01\/8cbdfc8f-foto-schalper-324x235.jpg\" class=\"alignleft\" width=\"324\" height=\"235\" \/ class=\"alignleft\" style=\"margin-right:15px;margin-bottom:10px;float:left;\" ><br \/>\nEl diputado y secretario general de RN, Diego Schalper, dijo \u2013a t\u00edtulo personal- que se debe dar una se\u00f1al \u201ccontundente\u201d ante la gesti\u00f3n de la ministra de Justicia, Marcela R\u00edos.<\/p>\n<p>Seg\u00fan consign\u00f3 Emol, el parlamentario sostuvo que si ella llega a salir de su cargo en los pr\u00f3ximos d\u00edas deben \u201cevaluar perseverar a\u00fan\u201d en la acusaci\u00f3n constitucional que presentar\u00e1 Chile Vamos el pr\u00f3ximo lunes en su contra.<br \/>\n<!--more--><br \/>\nSchalper sostuvo que \u201cnosotros el d\u00eda lunes vamos a presentar una acusaci\u00f3n constitucional contra la ministra Marcela R\u00edos, con la convicci\u00f3n de que no supervisa adecuadamente las c\u00e1rceles, con que no ha tenido un rol suficientemente adecuado en su supervisi\u00f3n a Gendarmer\u00eda, donde nos parece que los permisos carcelarios que se han dado en Arauco y en otras partes del pa\u00eds no han estado a la altura de lo que exige la legislaci\u00f3n. Y donde el \u00faltimo cap\u00edtulo tiene que ver con el episodio de los indultos, donde nos parece que ella se aparte de la legalidad, siendo que su tarea es aplicaci\u00f3n de la ley\u201d.<\/p>\n<p>El secretario general de RN subray\u00f3 que \u201cnos parece que la se\u00f1al que hay que dar es tan contundente y tan clara que yo al menos, y esta es una opini\u00f3n personal que hablar\u00e9 con mis colegas, creo que si ella llega a salir debemos evaluar perseverar a\u00fan en la acusaci\u00f3n\u201d. Esto en medio de los rumores respecto a una eventual salida del cargo de la titular de Justicia.<br \/>\nhttps:\/\/www.lanacion.cl\/rn-anticipa-que-el-lunes-presentara-acusacion-constitucional-contra-la-ministra-de-justicia\/<br \/>\nFUENTE. LA NACION.CL<br \/>\nMEDIO DE DIFUSI\u00d3N, SIN FIN DE LUCRO ALGUNO <\/p>\n","protected":false},"excerpt":{"rendered":"<p>El diputado y secretario general de RN, Diego Schalper, dijo \u2013a t\u00edtulo personal- que se debe dar una se\u00f1al \u201ccontundente\u201d ante la gesti\u00f3n de la ministra de Justicia, Marcela R\u00edos. Seg\u00fan consign\u00f3 Emol, el parlamentario sostuvo que si ella llega a salir de su cargo en los pr\u00f3ximos d\u00edas deben \u201cevaluar perseverar a\u00fan\u201d en la [&hellip;]<\/p>\n","protected":false},"author":51,"featured_media":0,"comment_status":"open","ping_status":"open","sticky":false,"template":"","format":"standard","meta":{"footnotes":""},"categories":[8,9,16,30,1,31],"tags":[457,144],"class_list":["post-27866","post","type-post","status-publish","format-standard","hentry","category-cultura","category-educacion","category-nacional","category-policial","category-uncategorized","category-salud","tag-acusacion-constitucional","tag-diputados"],"_links":{"self":[{"href":"http:\/\/www.lanuevaopcion.cl\/index.php?rest_route=\/wp\/v2\/posts\/27866","targetHints":{"allow":["GET"]}}],"collection":[{"href":"http:\/\/www.lanuevaopcion.cl\/index.php?rest_route=\/wp\/v2\/posts"}],"about":[{"href":"http:\/\/www.lanuevaopcion.cl\/index.php?rest_route=\/wp\/v2\/types\/post"}],"author":[{"embeddable":true,"href":"http:\/\/www.lanuevaopcion.cl\/index.php?rest_route=\/wp\/v2\/users\/51"}],"replies":[{"embeddable":true,"href":"http:\/\/www.lanuevaopcion.cl\/index.php?rest_route=%2Fwp%2Fv2%2Fcomments&post=27866"}],"version-history":[{"count":1,"href":"http:\/\/www.lanuevaopcion.cl\/index.php?rest_route=\/wp\/v2\/posts\/27866\/revisions"}],"predecessor-version":[{"id":27867,"href":"http:\/\/www.lanuevaopcion.cl\/index.php?rest_route=\/wp\/v2\/posts\/27866\/revisions\/27867"}],"wp:attachment":[{"href":"http:\/\/www.lanuevaopcion.cl\/index.php?rest_route=%2Fwp%2Fv2%2Fmedia&parent=27866"}],"wp:term":[{"taxonomy":"category","embeddable":true,"href":"http:\/\/www.lanuevaopcion.cl\/index.php?rest_route=%2Fwp%2Fv2%2Fcategories&post=27866"},{"taxonomy":"post_tag","embeddable":true,"href":"http:\/\/www.lanuevaopcion.cl\/index.php?rest_route=%2Fwp%2Fv2%2Ftags&post=27866"}],"curies":[{"name":"wp","href":"https:\/\/api.w.org\/{rel}","templated":true}]}}