{"id":27855,"date":"2022-12-29T20:23:56","date_gmt":"2022-12-29T20:23:56","guid":{"rendered":"http:\/\/www.lanuevaopcion.cl\/?p=27855"},"modified":"2022-12-29T20:23:56","modified_gmt":"2022-12-29T20:23:56","slug":"a-los-82-anos-murio-%e2%80%9cpele%e2%80%9d-una-de-las-leyendas-del-futbol","status":"publish","type":"post","link":"http:\/\/www.lanuevaopcion.cl\/?p=27855","title":{"rendered":"A LOS 82 A\u00d1OS MURI\u00d3 \u201cPEL\u00c9\u201d, UNA DE LAS LEYENDAS DEL F\u00daTBOL"},"content":{"rendered":"<p><img loading=\"lazy\" decoding=\"async\"  alt=\"\" src=\"https:\/\/cdn.shortpixel.ai\/spai\/w_325+q_lossless+ret_img+to_webp\/https:\/\/storage.googleapis.com\/lanacion-media-storage\/2022\/12\/d9269bbe-9f2d494b9122dd9dbd305f33527a9eb70425b7b9-533x261.jpg\" class=\"alignleft\" width=\"533\" height=\"261\" \/ class=\"alignleft\" style=\"margin-right:15px;margin-bottom:10px;float:left;\" ><br \/>\nEdson Arantes do Nascimento, mundialmente conocido como \u201cPel\u00e9\u201d, muri\u00f3 la tarde de este jueves a los 82 a\u00f1os. \u201cO\u2019Rei\u201d gan\u00f3 tres mundiales e hizo m\u00e1s de mil goles.<\/p>\n<p>El astro brasile\u00f1o llevaba un mes hospitalizado a causa de un empeoramiento del c\u00e1ncer de colon que lo afectaba desde 2021, cuando se le encontr\u00f3 un tumor que debi\u00f3 ser extirpado.<\/p>\n<p>La informaci\u00f3n de su deceso fue confirmada por los medios de comunicaci\u00f3n brasile\u00f1os y el Hospital Albert Einstein, recinto m\u00e9dico en donde estaba internado.<br \/>\n<!--more--><br \/>\n\u201cPel\u00e9\u201d hab\u00eda ingresado al centro hospitalario el 30 de noviembre pasado en una visita que no estaba programada, tras presentar problemas de salud.<\/p>\n<p>El s\u00e1bado 3 de diciembre, luego de que Pel\u00e9 no respondiera al tratamiento de quimioterapia al que estaba siendo sometido, fue derivado a cuidados paliativos en el mismo centro m\u00e9dico. Se indic\u00f3 que solo recibi\u00f3 tratamiento para mantenerse lo m\u00e1s c\u00f3modo posible y no sufrir de dolor.<\/p>\n<p>EN DICIEMBRE SE AGRAV\u00d3<br \/>\nDurante el mes de diciembre \u201cPel\u00e9\u201d se agrav\u00f3, ya que el c\u00e1ncer progres\u00f3 y empez\u00f3 a presentar disfunciones renales y card\u00edacas en su cuerpo. Su familia estuvo acompa\u00f1\u00e1ndolo en los \u00faltimos d\u00edas y pas\u00f3 la Navidad junto a \u00e9l.<\/p>\n<p>Pel\u00e9 dio su \u00faltimo respiro acompa\u00f1ado por sus familiares, entre ellos su hija Kely Nascimento, quien estuvo a cargo en las \u00faltimas semanas de las redes sociales del astro detallando su condici\u00f3n de salud.<\/p>\n<p>En su legado, \u201cPel\u00e9\u201d se fue como uno de los m\u00e1s grandes jugadores en la historia del f\u00fatbol, considerado por muchos como el mejor de todos, con una trayectoria plagada de \u00e9xitos en Santos, en donde gan\u00f3 t\u00edtulos regionales, nacionales, adem\u00e1s de dos Copa Libertadores y dos Copa Intercontinental.<\/p>\n<p>Edson Arantes do Nascimento naci\u00f3 el 23 de octubre de 1940 en un pueblo llamado \u201cTres Caracoles\u201d en Minas Gerais.<\/p>\n<p>Le pusieron ese nombre en honor al cient\u00edfico Thomas Alva Edison. Desde que era un ni\u00f1o sus amigos lo comenzaron a llamar \u201cPel\u00e9\u201d, pero a \u00e9l no le gustaba.<\/p>\n<blockquote class=\"wp-embedded-content\" data-secret=\"O3TgOqGae9\"><p><a href=\"https:\/\/www.lanacion.cl\/a-los-82-anos-murio-pele-una-de-las-leyendas-del-futbol\/\">A los 82 a\u00f1os muri\u00f3 &#8220;Pel\u00e9&#8221;, una de las leyendas del f\u00fatbol<\/a><\/p><\/blockquote>\n<p><iframe loading=\"lazy\" class=\"wp-embedded-content\" sandbox=\"allow-scripts\" security=\"restricted\" style=\"position: absolute; visibility: hidden;\" title=\"&#8220;A los 82 a\u00f1os muri\u00f3 &#8220;Pel\u00e9&#8221;, una de las leyendas del f\u00fatbol&#8221; &#8212; La Naci\u00f3n\" src=\"https:\/\/www.lanacion.cl\/a-los-82-anos-murio-pele-una-de-las-leyendas-del-futbol\/embed\/#?secret=rmRxKngbA9#?secret=O3TgOqGae9\" data-secret=\"O3TgOqGae9\" width=\"500\" height=\"282\" frameborder=\"0\" marginwidth=\"0\" marginheight=\"0\" scrolling=\"no\"><\/iframe><br \/>\nFUENTE. LA NACION , CL<br \/>\nMEDIO DE DIFUSI\u00d3N , SIN FIN DE LUCRO ALGUNO <\/p>\n","protected":false},"excerpt":{"rendered":"<p>Edson Arantes do Nascimento, mundialmente conocido como \u201cPel\u00e9\u201d, muri\u00f3 la tarde de este jueves a los 82 a\u00f1os. \u201cO\u2019Rei\u201d gan\u00f3 tres mundiales e hizo m\u00e1s de mil goles. El astro brasile\u00f1o llevaba un mes hospitalizado a causa de un empeoramiento del c\u00e1ncer de colon que lo afectaba desde 2021, cuando se le encontr\u00f3 un tumor [&hellip;]<\/p>\n","protected":false},"author":51,"featured_media":0,"comment_status":"open","ping_status":"open","sticky":false,"template":"","format":"standard","meta":{"footnotes":""},"categories":[8,7,4,9,5,16,31,11],"tags":[1043,566],"class_list":["post-27855","post","type-post","status-publish","format-standard","hentry","category-cultura","category-deporte","category-economia","category-educacion","category-internacional","category-nacional","category-salud","category-tendencias","tag-muere-el-mas-grande-pele","tag-qepd"],"_links":{"self":[{"href":"http:\/\/www.lanuevaopcion.cl\/index.php?rest_route=\/wp\/v2\/posts\/27855","targetHints":{"allow":["GET"]}}],"collection":[{"href":"http:\/\/www.lanuevaopcion.cl\/index.php?rest_route=\/wp\/v2\/posts"}],"about":[{"href":"http:\/\/www.lanuevaopcion.cl\/index.php?rest_route=\/wp\/v2\/types\/post"}],"author":[{"embeddable":true,"href":"http:\/\/www.lanuevaopcion.cl\/index.php?rest_route=\/wp\/v2\/users\/51"}],"replies":[{"embeddable":true,"href":"http:\/\/www.lanuevaopcion.cl\/index.php?rest_route=%2Fwp%2Fv2%2Fcomments&post=27855"}],"version-history":[{"count":1,"href":"http:\/\/www.lanuevaopcion.cl\/index.php?rest_route=\/wp\/v2\/posts\/27855\/revisions"}],"predecessor-version":[{"id":27856,"href":"http:\/\/www.lanuevaopcion.cl\/index.php?rest_route=\/wp\/v2\/posts\/27855\/revisions\/27856"}],"wp:attachment":[{"href":"http:\/\/www.lanuevaopcion.cl\/index.php?rest_route=%2Fwp%2Fv2%2Fmedia&parent=27855"}],"wp:term":[{"taxonomy":"category","embeddable":true,"href":"http:\/\/www.lanuevaopcion.cl\/index.php?rest_route=%2Fwp%2Fv2%2Fcategories&post=27855"},{"taxonomy":"post_tag","embeddable":true,"href":"http:\/\/www.lanuevaopcion.cl\/index.php?rest_route=%2Fwp%2Fv2%2Ftags&post=27855"}],"curies":[{"name":"wp","href":"https:\/\/api.w.org\/{rel}","templated":true}]}}