{"id":27804,"date":"2022-11-25T06:35:14","date_gmt":"2022-11-25T06:35:14","guid":{"rendered":"http:\/\/www.lanuevaopcion.cl\/?p=27804"},"modified":"2022-11-25T06:35:14","modified_gmt":"2022-11-25T06:35:14","slug":"uso-de-tarjetas-de-carga-de-bencina-comunes-llevara-a-diputada-mix-a-tribunal-supremo","status":"publish","type":"post","link":"http:\/\/www.lanuevaopcion.cl\/?p=27804","title":{"rendered":"USO DE TARJETAS DE CARGA DE BENCINA: COMUNES LLEVAR\u00c1 A DIPUTADA MIX A TRIBUNAL SUPREMO"},"content":{"rendered":"<p><img loading=\"lazy\" decoding=\"async\"  alt=\"\" src=\"https:\/\/cdn.shortpixel.ai\/spai\/w_325+q_lossless+ret_img+to_webp\/https:\/\/storage.googleapis.com\/lanacion-media-storage\/2020\/11\/c5aaeb13-claudia-mix-aton.-533x261.jpg\" class=\"alignleft\" width=\"533\" height=\"261\" \/ class=\"alignleft\" style=\"margin-right:15px;margin-bottom:10px;float:left;\" ><br \/>\nLa presidenta comunal del partido Comunes en Puerto Montt y excandidata a parlamentaria, Mar\u00eda Cristina Bustos, present\u00f3 una denuncia este jueves contra la diputada Claudia Mix y los afiliados a la colectividad \u201cque resulten responsables\u201d, en cuanto uso de cargas de bencina.<\/p>\n<p>El documento ingresado surgi\u00f3 a partir de la investigaci\u00f3n que realiz\u00f3 Ciper sobre Mix, su hija y un funcionario municipal, quienes habr\u00edan utilizado de forma irregular las tarjetas de carga de bencina, que entrega exclusivamente la C\u00e1mara Baja a los parlamentarios para el desarrollo de su funci\u00f3n legislativa.<br \/>\n<!--more--><br \/>\nBustos remarc\u00f3 en la denuncia que el funcionario nombrado de la Municipalidad de Maip\u00fa en el reportaje, V\u00edctor Villar, entre 2021 y 2022 \u201coficiaba de asesor de la entonces presidenta de Comunes, Ka Quiroz, y es yerno de la Diputada Claudia Mix, en tanto mantiene una relaci\u00f3n amorosa con su hija ya se\u00f1alada\u201d.<\/p>\n<p>\u201cLa respuesta elaborada por la diputada Claudia Mix y reproducida en la nota es una mera formalidad que no se hace cargo del fondo del asunto y s\u00f3lo abre m\u00e1s dudas y ambig\u00fcedades en circunstancia que se esperar\u00edan claridades o, al menos, un mea culpa por una situaci\u00f3n reprochable social, pol\u00edtica y judicialmente\u201d, se\u00f1al\u00f3 Bustos.<\/p>\n<p>\u201cEn este contexto y en virtud que los antecedentes que sirven de sustento a los hechos expuestos son p\u00fablicos, vengo en presentar esta denuncia para el objeto que el Tribunal Supremo, tome medidas inmediatas para evitar hacer las veces de c\u00f3mplices o encubridores de una situaci\u00f3n que hiere de gravedad un proyecto pol\u00edtico que ha levantado las banderas de la transparencia y la probidad\u201d, reiter\u00f3 .<\/p>\n<p>Finalmente, asegur\u00f3 que \u201cno tolerar\u00e1n este tipo de situaciones que, adem\u00e1s de poder acarrear alguna eventual responsabilidad administrativa o de otra \u00edndole, son anti\u00e9ticas y atentan gravemente contra los principios de nuestro proyecto pol\u00edtico y dejan en entredicho el compromiso de nuestro partido con la probidad\u201d, concluy\u00f3.<\/p>\n<blockquote class=\"wp-embedded-content\" data-secret=\"VdhVm1PeuL\"><p><a href=\"https:\/\/www.lanacion.cl\/uso-de-tarjetas-de-carga-de-bencina-comunes-llevara-a-diputada-mix-a-tribunal-supremo\/\">Uso de tarjetas de carga de bencina: Comunes llevar\u00e1 a diputada Mix a Tribunal Supremo<\/a><\/p><\/blockquote>\n<p><iframe loading=\"lazy\" class=\"wp-embedded-content\" sandbox=\"allow-scripts\" security=\"restricted\" style=\"position: absolute; visibility: hidden;\" title=\"&#8220;Uso de tarjetas de carga de bencina: Comunes llevar\u00e1 a diputada Mix a Tribunal Supremo&#8221; &#8212; La Naci\u00f3n\" src=\"https:\/\/www.lanacion.cl\/uso-de-tarjetas-de-carga-de-bencina-comunes-llevara-a-diputada-mix-a-tribunal-supremo\/embed\/#?secret=iD2Ps2L9xB#?secret=VdhVm1PeuL\" data-secret=\"VdhVm1PeuL\" width=\"500\" height=\"282\" frameborder=\"0\" marginwidth=\"0\" marginheight=\"0\" scrolling=\"no\"><\/iframe><br \/>\nFUENTE. LA NACION.CL<br \/>\nMEDIO DE DIFUSI\u00d3N , SIN FIN DE LUCRO ALGUNO <\/p>\n","protected":false},"excerpt":{"rendered":"<p>La presidenta comunal del partido Comunes en Puerto Montt y excandidata a parlamentaria, Mar\u00eda Cristina Bustos, present\u00f3 una denuncia este jueves contra la diputada Claudia Mix y los afiliados a la colectividad \u201cque resulten responsables\u201d, en cuanto uso de cargas de bencina. El documento ingresado surgi\u00f3 a partir de la investigaci\u00f3n que realiz\u00f3 Ciper sobre [&hellip;]<\/p>\n","protected":false},"author":51,"featured_media":0,"comment_status":"open","ping_status":"open","sticky":false,"template":"","format":"standard","meta":{"footnotes":""},"categories":[8,4,9,16,30,1,11],"tags":[1019,1020,1018],"class_list":["post-27804","post","type-post","status-publish","format-standard","hentry","category-cultura","category-economia","category-educacion","category-nacional","category-policial","category-uncategorized","category-tendencias","tag-cargas-de-bencina","tag-cipercl","tag-diputada-claudia-mix"],"_links":{"self":[{"href":"http:\/\/www.lanuevaopcion.cl\/index.php?rest_route=\/wp\/v2\/posts\/27804","targetHints":{"allow":["GET"]}}],"collection":[{"href":"http:\/\/www.lanuevaopcion.cl\/index.php?rest_route=\/wp\/v2\/posts"}],"about":[{"href":"http:\/\/www.lanuevaopcion.cl\/index.php?rest_route=\/wp\/v2\/types\/post"}],"author":[{"embeddable":true,"href":"http:\/\/www.lanuevaopcion.cl\/index.php?rest_route=\/wp\/v2\/users\/51"}],"replies":[{"embeddable":true,"href":"http:\/\/www.lanuevaopcion.cl\/index.php?rest_route=%2Fwp%2Fv2%2Fcomments&post=27804"}],"version-history":[{"count":1,"href":"http:\/\/www.lanuevaopcion.cl\/index.php?rest_route=\/wp\/v2\/posts\/27804\/revisions"}],"predecessor-version":[{"id":27805,"href":"http:\/\/www.lanuevaopcion.cl\/index.php?rest_route=\/wp\/v2\/posts\/27804\/revisions\/27805"}],"wp:attachment":[{"href":"http:\/\/www.lanuevaopcion.cl\/index.php?rest_route=%2Fwp%2Fv2%2Fmedia&parent=27804"}],"wp:term":[{"taxonomy":"category","embeddable":true,"href":"http:\/\/www.lanuevaopcion.cl\/index.php?rest_route=%2Fwp%2Fv2%2Fcategories&post=27804"},{"taxonomy":"post_tag","embeddable":true,"href":"http:\/\/www.lanuevaopcion.cl\/index.php?rest_route=%2Fwp%2Fv2%2Ftags&post=27804"}],"curies":[{"name":"wp","href":"https:\/\/api.w.org\/{rel}","templated":true}]}}