{"id":27775,"date":"2022-11-10T10:34:39","date_gmt":"2022-11-10T10:34:39","guid":{"rendered":"http:\/\/www.lanuevaopcion.cl\/?p=27775"},"modified":"2022-11-10T10:34:39","modified_gmt":"2022-11-10T10:34:39","slug":"operativo-de-seguridad-por-visita-de-boric-a-la-araucania-100-policias-desde-santiago","status":"publish","type":"post","link":"http:\/\/www.lanuevaopcion.cl\/?p=27775","title":{"rendered":"OPERATIVO DE SEGURIDAD POR VISITA DE BORIC A LA ARAUCAN\u00cdA: 100 POLIC\u00cdAS DESDE SANTIAGO"},"content":{"rendered":"<p><img loading=\"lazy\" decoding=\"async\"  alt=\"\" src=\"https:\/\/cdn.shortpixel.ai\/spai\/w_325+q_lossless+ret_img+to_webp\/https:\/\/storage.googleapis.com\/lanacion-media-storage\/2022\/11\/0e4f1b90-foto-boric-vale-533x261.jpg\" class=\"alignleft\" width=\"533\" height=\"261\" \/ class=\"alignleft\" style=\"margin-right:15px;margin-bottom:10px;float:left;\" ><br \/>\nEl Presidente Gabriel Boric realizar\u00e1 este jueves su primera visita a la Regi\u00f3n de La Araucan\u00eda desde que asumi\u00f3 el cargo en marzo pasado, por lo que se anunci\u00f3 un operativo policial especial para resguardar la seguridad del Mandatario y evitar posibles incidentes.<\/p>\n<p>Esto, en el marco de la aprobaci\u00f3n de un nuevo Estado de Excepci\u00f3n y reiterados ataques incendiarios en la \u00faltima jornada, as\u00ed como el rechazo de la visita del Jefe de Estado por parte de la Coordinadora Arauco Malleco (CAM).<br \/>\n<!--more--><br \/>\nSeg\u00fan inform\u00f3 La Tercera, Carabineros tiene contemplado el traslado del helic\u00f3ptero institucional para reforzar los servicios a\u00e9reos, el viaje de funcionarios de refuerzos desde Santiago y un contingente de escoltas que lo acompa\u00f1ar\u00e1n en todo momento.<\/p>\n<p>Parte de la comitiva policial que acompa\u00f1ar\u00e1 a Boric ya se encuentra en Temuco, donde el centro operativo ser\u00e1 la unidad policial ubicada en Pailahueque, en Ercilla, lugar donde llegar\u00e1n los cien carabineros de la Escuela de Suboficiales en las pr\u00f3ximas horas.<\/p>\n<p>El jefe de la Zona Araucan\u00eda, general Manuel Cifuentes, explic\u00f3 que \u201ctenemos que coordinarnos con la autoridad administrativa para disponer los servicios que requiere la investidura del Presidente de la Rep\u00fablica en la regi\u00f3n. Obviamente, tenemos que asegurarnos de que sus actividades se desarrollen de manera normal y, para eso, hago el llamado a la ciudadan\u00eda de que esta es una visita presidencial\u201d.<\/p>\n<p>El Mandatario saldr\u00e1 desde Santiago a las 6:45 horas de este jueves. Ser\u00e1 acompa\u00f1ado por el general director de Carabineros, Ricardo Y\u00e1\u00f1ez, quien tambi\u00e9n viajar\u00e1 a la regi\u00f3n, as\u00ed como el nuevo jefe de Orden y Seguridad, general Enrique Monr\u00e1s.<\/p>\n<p>El Presidente estar\u00e1 dos d\u00edas en la zona, y hasta ahora, el lugar escogido para que pase la noche ser\u00e1 el Destacamento de Monta\u00f1a 8 Tucapel, ubicado en Temuco, el cual es de propiedad del Ej\u00e9rcito.<\/p>\n<p>El 8 de agosto del 2016, el entonces diputado Gabriel Boric, visit\u00f3 La Araucan\u00eda para reunirse con parte de la comunidad Temucuicui con un grupo reducido de asesores, una bandera mapuche y acompa\u00f1ado del lonko V\u00edctor Queipul. Esto qued\u00f3 registrado en una fotograf\u00eda que comparti\u00f3 en su cuenta de Twitter.<\/p>\n<blockquote class=\"wp-embedded-content\" data-secret=\"LMAM8w1B0u\"><p><a href=\"https:\/\/www.lanacion.cl\/operativo-de-seguridad-por-visita-de-boric-a-la-araucania-100-policias-desde-santiago\/\">Operativo de seguridad por visita de Boric a La Araucan\u00eda: 100 polic\u00edas desde Santiago<\/a><\/p><\/blockquote>\n<p><iframe loading=\"lazy\" class=\"wp-embedded-content\" sandbox=\"allow-scripts\" security=\"restricted\" style=\"position: absolute; visibility: hidden;\" title=\"&#8220;Operativo de seguridad por visita de Boric a La Araucan\u00eda: 100 polic\u00edas desde Santiago&#8221; &#8212; La Naci\u00f3n\" src=\"https:\/\/www.lanacion.cl\/operativo-de-seguridad-por-visita-de-boric-a-la-araucania-100-policias-desde-santiago\/embed\/#?secret=Y4QBdZrhZw#?secret=LMAM8w1B0u\" data-secret=\"LMAM8w1B0u\" width=\"500\" height=\"282\" frameborder=\"0\" marginwidth=\"0\" marginheight=\"0\" scrolling=\"no\"><\/iframe><br \/>\nFUENTE. LA NACION.CL<br \/>\nMEDIO DE DIFUSI\u00d3N, SIN FIN DE LUCRO ALGUNO <\/p>\n","protected":false},"excerpt":{"rendered":"<p>El Presidente Gabriel Boric realizar\u00e1 este jueves su primera visita a la Regi\u00f3n de La Araucan\u00eda desde que asumi\u00f3 el cargo en marzo pasado, por lo que se anunci\u00f3 un operativo policial especial para resguardar la seguridad del Mandatario y evitar posibles incidentes. Esto, en el marco de la aprobaci\u00f3n de un nuevo Estado de [&hellip;]<\/p>\n","protected":false},"author":51,"featured_media":0,"comment_status":"open","ping_status":"open","sticky":false,"template":"","format":"standard","meta":{"footnotes":""},"categories":[8,9,5,16,30,1],"tags":[1007,352],"class_list":["post-27775","post","type-post","status-publish","format-standard","hentry","category-cultura","category-educacion","category-internacional","category-nacional","category-policial","category-uncategorized","tag-100-policas-viajan-a-la-araucania","tag-araucania"],"_links":{"self":[{"href":"http:\/\/www.lanuevaopcion.cl\/index.php?rest_route=\/wp\/v2\/posts\/27775","targetHints":{"allow":["GET"]}}],"collection":[{"href":"http:\/\/www.lanuevaopcion.cl\/index.php?rest_route=\/wp\/v2\/posts"}],"about":[{"href":"http:\/\/www.lanuevaopcion.cl\/index.php?rest_route=\/wp\/v2\/types\/post"}],"author":[{"embeddable":true,"href":"http:\/\/www.lanuevaopcion.cl\/index.php?rest_route=\/wp\/v2\/users\/51"}],"replies":[{"embeddable":true,"href":"http:\/\/www.lanuevaopcion.cl\/index.php?rest_route=%2Fwp%2Fv2%2Fcomments&post=27775"}],"version-history":[{"count":1,"href":"http:\/\/www.lanuevaopcion.cl\/index.php?rest_route=\/wp\/v2\/posts\/27775\/revisions"}],"predecessor-version":[{"id":27776,"href":"http:\/\/www.lanuevaopcion.cl\/index.php?rest_route=\/wp\/v2\/posts\/27775\/revisions\/27776"}],"wp:attachment":[{"href":"http:\/\/www.lanuevaopcion.cl\/index.php?rest_route=%2Fwp%2Fv2%2Fmedia&parent=27775"}],"wp:term":[{"taxonomy":"category","embeddable":true,"href":"http:\/\/www.lanuevaopcion.cl\/index.php?rest_route=%2Fwp%2Fv2%2Fcategories&post=27775"},{"taxonomy":"post_tag","embeddable":true,"href":"http:\/\/www.lanuevaopcion.cl\/index.php?rest_route=%2Fwp%2Fv2%2Ftags&post=27775"}],"curies":[{"name":"wp","href":"https:\/\/api.w.org\/{rel}","templated":true}]}}